{"id":87421,"date":"2025-10-28T21:59:27","date_gmt":"2025-10-28T21:59:27","guid":{"rendered":"https:\/\/degreed.com\/experience\/?p=87421"},"modified":"2025-11-18T17:15:17","modified_gmt":"2025-11-18T17:15:17","slug":"align-chros-clos-cios-to-grow-ai-adoption","status":"publish","type":"post","link":"https:\/\/degreed.com\/experience\/es-419\/blog\/align-chros-clos-cios-to-grow-ai-adoption\/","title":{"rendered":"Unifica el criterio de los directores y fomenta la adopci\u00f3n de la IA"},"content":{"rendered":"\n<p>Es verdad que la IA produce saturaci\u00f3n en los empleados, y eso est\u00e1 empezando a empa\u00f1ar los resultados de las empresas.<\/p>\n\n\n\n<p>La implementaci\u00f3n sucesiva de herramientas nuevas sin tiempo suficiente para que los trabajadores se adapten est\u00e1 generando un gran desgaste, lo cual deriva en que se adopten de manera fragmentada y decaiga el inter\u00e9s. Cuando los empleados se sienten abrumados o consideran que no cuentan con la ayuda que necesitan, merma su productividad y su desempe\u00f1o se estanca.<\/p>\n\n\n\n<p>De todos modos, tu empresa debe adoptar nuevas tecnolog\u00edas para mantener su vigencia, aprovechar los beneficios que conllevan y seguir creciendo.<\/p>\n\n\n\n<p>Como formas parte de la c\u00fapula directiva, puedes intervenir para que el proceso sea m\u00e1s f\u00e1cil.<\/p>\n\n\n\n<p>En momentos como este, es m\u00e1s importante que nunca que cuentes con una alianza s\u00f3lida y una plantilla de personal segura de s\u00ed misma. Cuando los directores de RR.\u00a0HH. e Inform\u00e1tica comparten el mismo criterio para el upskilling sobre IA, la colaboraci\u00f3n interdisciplinaria y las normas \u00e9ticas, <a href=\"https:\/\/get.degreed.com\/es-mx\/how-the-workforce-learns\">las empresas tienen <strong>el triple de probabilidades de que su plantilla de personal est\u00e9 preparada para la IA generativa<\/strong><\/a>.\u00a0<\/p>\n\n\n\n<p>Si pretendes llegar a ese punto, los integrantes clave de la c\u00fapula directiva deben aunar fuerzas y brindarles a los empleados la orientaci\u00f3n que necesitan para evolucionar.&nbsp;<\/p>\n\n\n\n<h3 class=\"wp-block-heading\" id=\"h-por-que-los-directores-de-rr-nbsp-hh-aprendizaje-e-informatica-son-esenciales-para-fomentar-la-adopcion-de-la-ia\">\u00bfPor qu\u00e9 los directores de RR.&nbsp;HH., Aprendizaje e Inform\u00e1tica son esenciales para fomentar la adopci\u00f3n de la IA?<\/h3>\n\n\n\n<p>A medida que empieces a dilucidar la verdadera esencia de esta enorme transformaci\u00f3n del personal (es decir, que <strong>los trabajadores<\/strong> deben <strong>aprender<\/strong> a usar una nueva <strong>tecnolog\u00eda<\/strong>), te resultar\u00e1 evidente por qu\u00e9 las partes interesadas clave son los directores de RR.&nbsp;HH., Aprendizaje, Talentos e Inform\u00e1tica.&nbsp;<\/p>\n\n\n\n<p>Cuando lo analizamos desde ese punto de vista, tambi\u00e9n queda claro por qu\u00e9 los encargados de estas \u00e1reas deben formar un solo equipo si se proponen preparar al personal para la IA.<\/p>\n\n\n\n<h3 class=\"wp-block-heading\" id=\"h-el-arte-de-unificar-criterios-sobre-la-ia\">El arte de unificar criterios sobre la IA<\/h3>\n\n\n\n<p>Los empleados no se resisten a la IA, sino a la confusi\u00f3n que genera.&nbsp;<\/p>\n\n\n\n<p>Est\u00e1n cansados de que no haya expectativas claras, las herramientas cambien todo el tiempo y escaseen las respuestas. Para lograr que la mayor\u00eda la adopte, procura que las \u00e1reas de RR.&nbsp;HH., Aprendizaje y Desarrollo e Inform\u00e1tica obedezcan a un objetivo en com\u00fan: arrojar luz a la situaci\u00f3n y plantear pautas que se vinculen directamente con los resultados de la empresa. Cuando el personal conoce los motivos y los m\u00e9todos, la adopci\u00f3n de la IA deja de ser una iniciativa obligatoria y se convierte en un motor para avanzar.<\/p>\n\n\n\n<p>Una vez que consigas el apoyo de todos los directores, deben trabajar en conjunto para lograr todo esto:<\/p>\n\n\n\n<ol class=\"wp-block-list\">\n<li>Plantear un marco de referencia con pautas claras sobre el uso de la IA.<\/li>\n<\/ol>\n\n\n\n<p>Fundamentalmente, el personal debe saber qu\u00e9 puede hacer con la IA y qu\u00e9 no. Ning\u00fan empleado quiere ser responsable de poner en riesgo a su empresa, pero sin una estrategia ni un marco de referencia claros, no le queda m\u00e1s remedio que hacer conjeturas. Ya sea para saber qu\u00e9 plataformas se pueden usar, c\u00f3mo y para qu\u00e9, los trabajadores necesitan medidas de protecci\u00f3n.&nbsp;<\/p>\n\n\n\n<p>Estas son algunas preguntas que puedes tener en cuenta al definir pautas para el uso de la IA:<\/p>\n\n\n\n<ul class=\"wp-block-list\">\n<li>\u00bfCu\u00e1ndo se considera que el uso de la IA es seguro?&nbsp;<\/li>\n\n\n\n<li>\u00bfEn qu\u00e9 consiste usar la IA de manera responsable en tu empresa?&nbsp;<\/li>\n\n\n\n<li>\u00bfHay alguna norma sobre la IA que tu empresa deba cumplir (por ejemplo, la Ley de IA de la UE)?<\/li>\n\n\n\n<li>\u00bfQu\u00e9 plataformas se pueden usar? \u00bfCu\u00e1les no? \u00bfPor qu\u00e9?<\/li>\n\n\n\n<li>\u00bfQu\u00e9 tareas se pueden hacer con IA y cu\u00e1les no? (Para responder esta pregunta, tal vez debas experimentar un poco). <\/li>\n\n\n\n<li>\u00bfCon qu\u00e9 expectativas deben cumplir los empleados?<br><\/li>\n<\/ul>\n\n\n\n<ol start=\"2\" class=\"wp-block-list\">\n<li>Elaborar un plan de acci\u00f3n.<\/li>\n<\/ol>\n\n\n\n<p>Como t\u00fa y tus colegas ocupan roles de liderazgo y atraviesan un proceso integral de transformaci\u00f3n del personal, deben saber exactamente qu\u00e9 departamentos se ocupar\u00e1n de los distintos aspectos de la adopci\u00f3n de la IA. Por ejemplo, tal vez convenga que ciertos equipos se encarguen de determinadas cuestiones, mientras que otras pueden quedar en manos de cualquier \u00e1rea. Es fundamental que haya claridad.<\/p>\n\n\n\n<p>Estas son algunas preguntas que puedes hacerte mientras trazas tu plan:<\/p>\n\n\n\n<ul class=\"wp-block-list\">\n<li>\u00bfQui\u00e9nes ser\u00e1n los responsables de velar por que la herramienta de IA cumpla con las normas?<\/li>\n\n\n\n<li>\u00bfQui\u00e9nes comunicar\u00e1n al personal las pautas de uso de la IA, las novedades y cualquier informaci\u00f3n al respecto?<\/li>\n\n\n\n<li>\u00bfQui\u00e9nes vislumbrar\u00e1n las oportunidades de aprendizaje y upskilling con la IA?<\/li>\n\n\n\n<li>\u00bfC\u00f3mo har\u00e1n tus empleados para aprender a usar la IA de manera correcta?<\/li>\n\n\n\n<li>\u00bfC\u00f3mo colaborar\u00e1n entre todos a diario, todas las semanas y mes a mes para mantener la coordinaci\u00f3n?<\/li>\n<\/ul>\n\n\n\n<h3 class=\"wp-block-heading\" id=\"h-promueve-la-adopcion-de-la-ia-con-una-alianza-solida\">Promueve la adopci\u00f3n de la IA con una alianza s\u00f3lida<\/h3>\n\n\n\n<p>\u00bfPor qu\u00e9 las instituciones donde los directores comparten un mismo criterio tienen muchas m\u00e1s probabilidades de contar con un equipo preparado para la IA? Porque ese criterio unificado les da a los empleados dos factores clave para que todos aprendan a usar la IA generativa: apoyo e infraestructura.<\/p>\n\n\n\n<figure class=\"wp-block-image size-large\"><img loading=\"lazy\" decoding=\"async\" width=\"1024\" height=\"576\" src=\"https:\/\/explore.degreed.com\/wp-content\/uploads\/2025\/10\/XTM_HWL-Launch-Assets_Social_Localization_es_419_V4-1024x576.png\" alt=\"\" class=\"wp-image-87502\"\/><\/figure>\n\n\n\n<p>Una vez que los directores est\u00e1n de acuerdo, puedes dar a tus empleados las herramientas necesarias para que tomen confianza y adopten la IA f\u00e1cilmente, es decir, ofrecerles actividades de aprendizaje, tanto ejercicios pr\u00e1cticos con esta tecnolog\u00eda como materiales autoguiados.<\/p>\n\n\n\n<p>En el contexto de ese proceso, tambi\u00e9n pueden experimentar con la IA dentro de los l\u00edmites que establecen las nuevas medidas de protecci\u00f3n. Los programas de aprendizaje por experiencia son uno de los mejores m\u00e9todos para adquirir habilidades. Adem\u00e1s, probando y equivoc\u00e1ndose, tus empleados tambi\u00e9n pueden estudiar las ventajas de las distintas herramientas de IA para diferentes casos de uso de tu empresa. <\/p>\n\n\n\n<p>Esa confianza que tomar\u00e1n es la clave para que superen la saturaci\u00f3n que provoca la IA. En comparaci\u00f3n con los dem\u00e1s, los usuarios de IA generativa <em>muy seguros<\/em> tienen:<\/p>\n\n\n\n<ul class=\"wp-block-list\">\n<li>casi el doble de probabilidades de usar esta tecnolog\u00eda a diario;<\/li>\n\n\n\n<li>cuatro veces m\u00e1s probabilidades de aplicarla a problemas concretos;<\/li>\n\n\n\n<li>un 32&nbsp;% m\u00e1s de probabilidades de aprender mientras trabajan;<\/li>\n\n\n\n<li>un 38&nbsp;% m\u00e1s de probabilidades de recibir apoyo de sus pares y tutores; y<\/li>\n\n\n\n<li>77&nbsp;veces m\u00e1s probabilidades de experimentar con esa tecnolog\u00eda y dominarla.<\/li>\n<\/ul>\n\n\n\n<figure class=\"wp-block-image size-full\"><img loading=\"lazy\" decoding=\"async\" width=\"1281\" height=\"250\" src=\"https:\/\/explore.degreed.com\/wp-content\/uploads\/2025\/07\/HWL-Blog-CTA_es_419_HWL-Blog-CTA-1.png\" alt=\"\" class=\"wp-image-86172\"\/><\/figure>\n\n\n\n<p>Cuando se sienten seguros, tus empleados dejan de desperdiciar su capacidad mental en tratar de entender todo, ya que disponen de los recursos que necesitan y conocen las limitaciones y expectativas. Abordan la IA con una actitud de apertura. Pueden experimentar y crecer con las energ\u00edas renovadas.<\/p>\n\n\n\n<p><\/p>\n","protected":false},"excerpt":{"rendered":"<p>Es verdad que la IA produce saturaci\u00f3n en los empleados, y eso est\u00e1 empezando a empa\u00f1ar los resultados de las empresas. La implementaci\u00f3n sucesiva de herramientas nuevas sin tiempo suficiente para que los trabajadores se adapten est\u00e1 generando un gran desgaste, lo cual deriva en que se adopten de manera fragmentada y decaiga el inter\u00e9s. [&hellip;]<\/p>\n","protected":false},"author":120,"featured_media":87290,"comment_status":"closed","ping_status":"closed","sticky":false,"template":"","format":"standard","meta":{"_acf_changed":false,"inline_featured_image":false,"footnotes":""},"categories":[606,665],"tags":[725,855,807,607,863],"post_folder":[],"class_list":["post-87421","post","type-post","status-publish","format-standard","has-post-thumbnail","hentry","category-ai-innovation-in-learning","category-workforce-business-impact","tag-agilidad-empresarial","tag-capacitacion-sobre-liderazgo","tag-como-aprende-el-personal","tag-artificial-intelligence","tag-resultados-empresariales"],"acf":[],"yoast_head":"<!-- This site is optimized with the Yoast SEO Premium plugin v27.4 (Yoast SEO v27.4) - https:\/\/yoast.com\/product\/yoast-seo-premium-wordpress\/ -->\n<title>Unifica el criterio de los directores y fomenta la adopci\u00f3n de la IA - Degreed<\/title>\n<meta name=\"description\" content=\"Forma una alianza s\u00f3lida con los directores de las \u00e1reas de talentos, personal y tecnolog\u00eda para promover la adopci\u00f3n de la IA y la transformaci\u00f3n de los trabajadores.\" \/>\n<meta name=\"robots\" content=\"index, follow, max-snippet:-1, max-image-preview:large, max-video-preview:-1\" \/>\n<link rel=\"canonical\" href=\"https:\/\/degreed.com\/experience\/es-419\/blog\/align-chros-clos-cios-to-grow-ai-adoption\/\" \/>\n<meta property=\"og:locale\" content=\"es_ES\" \/>\n<meta property=\"og:type\" content=\"article\" \/>\n<meta property=\"og:title\" content=\"Unifica el criterio de los directores y fomenta la adopci\u00f3n de la IA\" \/>\n<meta property=\"og:description\" content=\"Forma una alianza s\u00f3lida con los directores de las \u00e1reas de talentos, personal y tecnolog\u00eda para promover la adopci\u00f3n de la IA y la transformaci\u00f3n de los trabajadores.\" \/>\n<meta property=\"og:url\" content=\"https:\/\/degreed.com\/experience\/es-419\/blog\/align-chros-clos-cios-to-grow-ai-adoption\/\" \/>\n<meta property=\"og:site_name\" content=\"Degreed\" \/>\n<meta property=\"article:publisher\" content=\"https:\/\/www.facebook.com\/DegreedOfficial\" \/>\n<meta property=\"article:published_time\" content=\"2025-10-28T21:59:27+00:00\" \/>\n<meta property=\"article:modified_time\" content=\"2025-11-18T17:15:17+00:00\" \/>\n<meta property=\"og:image\" content=\"https:\/\/explore.degreed.com\/wp-content\/uploads\/2025\/10\/9-22-25-AI-Fatigue_Blog-Header-1200x1200-1.png\" \/>\n\t<meta property=\"og:image:width\" content=\"1200\" \/>\n\t<meta property=\"og:image:height\" content=\"1200\" \/>\n\t<meta property=\"og:image:type\" content=\"image\/png\" \/>\n<meta name=\"author\" content=\"Susie Lee\" \/>\n<meta name=\"twitter:card\" content=\"summary_large_image\" \/>\n<meta name=\"twitter:creator\" content=\"@degreed\" \/>\n<meta name=\"twitter:site\" content=\"@degreed\" \/>\n<meta name=\"twitter:label1\" content=\"Written by\" \/>\n\t<meta name=\"twitter:data1\" content=\"Susie Lee\" \/>\n\t<meta name=\"twitter:label2\" content=\"Est. reading time\" \/>\n\t<meta name=\"twitter:data2\" content=\"6 minutes\" \/>\n<script type=\"application\/ld+json\" class=\"yoast-schema-graph\">{\"@context\":\"https:\\\/\\\/schema.org\",\"@graph\":[{\"@type\":\"Article\",\"@id\":\"https:\\\/\\\/degreed.com\\\/experience\\\/es-419\\\/blog\\\/align-chros-clos-cios-to-grow-ai-adoption\\\/#article\",\"isPartOf\":{\"@id\":\"https:\\\/\\\/degreed.com\\\/experience\\\/es-419\\\/blog\\\/align-chros-clos-cios-to-grow-ai-adoption\\\/\"},\"author\":{\"name\":\"Susie Lee\",\"@id\":\"https:\\\/\\\/degreed.com\\\/experience\\\/es-419\\\/#\\\/schema\\\/person\\\/b3a491fae2121ea4f5773d2e0486cad2\"},\"headline\":\"Unifica el criterio de los directores y fomenta la adopci\u00f3n de la IA\",\"datePublished\":\"2025-10-28T21:59:27+00:00\",\"dateModified\":\"2025-11-18T17:15:17+00:00\",\"mainEntityOfPage\":{\"@id\":\"https:\\\/\\\/degreed.com\\\/experience\\\/es-419\\\/blog\\\/align-chros-clos-cios-to-grow-ai-adoption\\\/\"},\"wordCount\":1155,\"publisher\":{\"@id\":\"https:\\\/\\\/degreed.com\\\/experience\\\/es-419\\\/#organization\"},\"image\":{\"@id\":\"https:\\\/\\\/degreed.com\\\/experience\\\/es-419\\\/blog\\\/align-chros-clos-cios-to-grow-ai-adoption\\\/#primaryimage\"},\"thumbnailUrl\":\"https:\\\/\\\/explore.degreed.com\\\/wp-content\\\/uploads\\\/2025\\\/10\\\/9-22-25-AI-Fatigue_Blog-Header-1200x1200-1.png\",\"keywords\":[\"Agilidad empresarial\",\"Capacitaci\u00f3n sobre liderazgo\",\"C\u00f3mo aprende el personal\",\"Inteligencia Artificial\",\"Resultados empresariales\"],\"articleSection\":[\"IA e innovaci\u00f3n en el aprendizaje\",\"Impacto en la empresa y el personal\"],\"inLanguage\":\"es-419\"},{\"@type\":\"WebPage\",\"@id\":\"https:\\\/\\\/degreed.com\\\/experience\\\/es-419\\\/blog\\\/align-chros-clos-cios-to-grow-ai-adoption\\\/\",\"url\":\"https:\\\/\\\/degreed.com\\\/experience\\\/es-419\\\/blog\\\/align-chros-clos-cios-to-grow-ai-adoption\\\/\",\"name\":\"Unifica el criterio de los directores y fomenta la adopci\u00f3n de la IA - Degreed\",\"isPartOf\":{\"@id\":\"https:\\\/\\\/degreed.com\\\/experience\\\/es-419\\\/#website\"},\"primaryImageOfPage\":{\"@id\":\"https:\\\/\\\/degreed.com\\\/experience\\\/es-419\\\/blog\\\/align-chros-clos-cios-to-grow-ai-adoption\\\/#primaryimage\"},\"image\":{\"@id\":\"https:\\\/\\\/degreed.com\\\/experience\\\/es-419\\\/blog\\\/align-chros-clos-cios-to-grow-ai-adoption\\\/#primaryimage\"},\"thumbnailUrl\":\"https:\\\/\\\/explore.degreed.com\\\/wp-content\\\/uploads\\\/2025\\\/10\\\/9-22-25-AI-Fatigue_Blog-Header-1200x1200-1.png\",\"datePublished\":\"2025-10-28T21:59:27+00:00\",\"dateModified\":\"2025-11-18T17:15:17+00:00\",\"description\":\"Forma una alianza s\u00f3lida con los directores de las \u00e1reas de talentos, personal y tecnolog\u00eda para promover la adopci\u00f3n de la IA y la transformaci\u00f3n de los trabajadores.\",\"breadcrumb\":{\"@id\":\"https:\\\/\\\/degreed.com\\\/experience\\\/es-419\\\/blog\\\/align-chros-clos-cios-to-grow-ai-adoption\\\/#breadcrumb\"},\"inLanguage\":\"es-419\",\"potentialAction\":[{\"@type\":\"ReadAction\",\"target\":[\"https:\\\/\\\/degreed.com\\\/experience\\\/es-419\\\/blog\\\/align-chros-clos-cios-to-grow-ai-adoption\\\/\"]}]},{\"@type\":\"ImageObject\",\"inLanguage\":\"es-419\",\"@id\":\"https:\\\/\\\/degreed.com\\\/experience\\\/es-419\\\/blog\\\/align-chros-clos-cios-to-grow-ai-adoption\\\/#primaryimage\",\"url\":\"https:\\\/\\\/explore.degreed.com\\\/wp-content\\\/uploads\\\/2025\\\/10\\\/9-22-25-AI-Fatigue_Blog-Header-1200x1200-1.png\",\"contentUrl\":\"https:\\\/\\\/explore.degreed.com\\\/wp-content\\\/uploads\\\/2025\\\/10\\\/9-22-25-AI-Fatigue_Blog-Header-1200x1200-1.png\",\"width\":1200,\"height\":1200},{\"@type\":\"BreadcrumbList\",\"@id\":\"https:\\\/\\\/degreed.com\\\/experience\\\/es-419\\\/blog\\\/align-chros-clos-cios-to-grow-ai-adoption\\\/#breadcrumb\",\"itemListElement\":[{\"@type\":\"ListItem\",\"position\":1,\"name\":\"Home\",\"item\":\"https:\\\/\\\/degreed.com\\\/experience\\\/es-419\\\/\"},{\"@type\":\"ListItem\",\"position\":2,\"name\":\"Unifica el criterio de los directores y fomenta la adopci\u00f3n de la IA\"}]},{\"@type\":\"WebSite\",\"@id\":\"https:\\\/\\\/degreed.com\\\/experience\\\/es-419\\\/#website\",\"url\":\"https:\\\/\\\/degreed.com\\\/experience\\\/es-419\\\/\",\"name\":\"Degreed\",\"description\":\"The Learning and Upskilling Platform\",\"publisher\":{\"@id\":\"https:\\\/\\\/degreed.com\\\/experience\\\/es-419\\\/#organization\"},\"potentialAction\":[{\"@type\":\"SearchAction\",\"target\":{\"@type\":\"EntryPoint\",\"urlTemplate\":\"https:\\\/\\\/degreed.com\\\/experience\\\/es-419\\\/?s={search_term_string}\"},\"query-input\":{\"@type\":\"PropertyValueSpecification\",\"valueRequired\":true,\"valueName\":\"search_term_string\"}}],\"inLanguage\":\"es-419\"},{\"@type\":\"Organization\",\"@id\":\"https:\\\/\\\/degreed.com\\\/experience\\\/es-419\\\/#organization\",\"name\":\"Degreed\",\"url\":\"https:\\\/\\\/degreed.com\\\/experience\\\/es-419\\\/\",\"logo\":{\"@type\":\"ImageObject\",\"inLanguage\":\"es-419\",\"@id\":\"https:\\\/\\\/degreed.com\\\/experience\\\/es-419\\\/#\\\/schema\\\/logo\\\/image\\\/\",\"url\":\"https:\\\/\\\/explore.degreed.com\\\/wp-content\\\/uploads\\\/2023\\\/05\\\/logo.svg\",\"contentUrl\":\"https:\\\/\\\/explore.degreed.com\\\/wp-content\\\/uploads\\\/2023\\\/05\\\/logo.svg\",\"caption\":\"Degreed\"},\"image\":{\"@id\":\"https:\\\/\\\/degreed.com\\\/experience\\\/es-419\\\/#\\\/schema\\\/logo\\\/image\\\/\"},\"sameAs\":[\"https:\\\/\\\/www.facebook.com\\\/DegreedOfficial\",\"https:\\\/\\\/x.com\\\/degreed\",\"https:\\\/\\\/www.linkedin.com\\\/company\\\/degreed\\\/\",\"https:\\\/\\\/www.youtube.com\\\/channel\\\/UCkH3pyPKVngvsZzZlmoH-Mw\",\"https:\\\/\\\/www.instagram.com\\\/degreed\\\/\"],\"numberOfEmployees\":{\"@type\":\"QuantitativeValue\",\"minValue\":\"201\",\"maxValue\":\"500\"}},{\"@type\":\"Person\",\"@id\":\"https:\\\/\\\/degreed.com\\\/experience\\\/es-419\\\/#\\\/schema\\\/person\\\/b3a491fae2121ea4f5773d2e0486cad2\",\"name\":\"Susie Lee\",\"image\":{\"@type\":\"ImageObject\",\"inLanguage\":\"es-419\",\"@id\":\"https:\\\/\\\/explore.degreed.com\\\/wp-content\\\/uploads\\\/2025\\\/04\\\/degreed-blog-1.png\",\"url\":\"https:\\\/\\\/explore.degreed.com\\\/wp-content\\\/uploads\\\/2025\\\/04\\\/degreed-blog-1.png\",\"contentUrl\":\"https:\\\/\\\/explore.degreed.com\\\/wp-content\\\/uploads\\\/2025\\\/04\\\/degreed-blog-1.png\",\"caption\":\"Susie Lee\"},\"description\":\"Susie Lee is senior vice president and global business transformation officer at Degreed.\"}]}<\/script>\n<!-- \/ Yoast SEO Premium plugin. -->","yoast_head_json":{"title":"Unifica el criterio de los directores y fomenta la adopci\u00f3n de la IA - Degreed","description":"Forma una alianza s\u00f3lida con los directores de las \u00e1reas de talentos, personal y tecnolog\u00eda para promover la adopci\u00f3n de la IA y la transformaci\u00f3n de los trabajadores.","robots":{"index":"index","follow":"follow","max-snippet":"max-snippet:-1","max-image-preview":"max-image-preview:large","max-video-preview":"max-video-preview:-1"},"canonical":"https:\/\/degreed.com\/experience\/es-419\/blog\/align-chros-clos-cios-to-grow-ai-adoption\/","og_locale":"es_ES","og_type":"article","og_title":"Unifica el criterio de los directores y fomenta la adopci\u00f3n de la IA","og_description":"Forma una alianza s\u00f3lida con los directores de las \u00e1reas de talentos, personal y tecnolog\u00eda para promover la adopci\u00f3n de la IA y la transformaci\u00f3n de los trabajadores.","og_url":"https:\/\/degreed.com\/experience\/es-419\/blog\/align-chros-clos-cios-to-grow-ai-adoption\/","og_site_name":"Degreed","article_publisher":"https:\/\/www.facebook.com\/DegreedOfficial","article_published_time":"2025-10-28T21:59:27+00:00","article_modified_time":"2025-11-18T17:15:17+00:00","og_image":[{"width":1200,"height":1200,"url":"https:\/\/explore.degreed.com\/wp-content\/uploads\/2025\/10\/9-22-25-AI-Fatigue_Blog-Header-1200x1200-1.png","type":"image\/png"}],"author":"Susie Lee","twitter_card":"summary_large_image","twitter_creator":"@degreed","twitter_site":"@degreed","twitter_misc":{"Written by":"Susie Lee","Est. reading time":"6 minutes"},"schema":{"@context":"https:\/\/schema.org","@graph":[{"@type":"Article","@id":"https:\/\/degreed.com\/experience\/es-419\/blog\/align-chros-clos-cios-to-grow-ai-adoption\/#article","isPartOf":{"@id":"https:\/\/degreed.com\/experience\/es-419\/blog\/align-chros-clos-cios-to-grow-ai-adoption\/"},"author":{"name":"Susie Lee","@id":"https:\/\/degreed.com\/experience\/es-419\/#\/schema\/person\/b3a491fae2121ea4f5773d2e0486cad2"},"headline":"Unifica el criterio de los directores y fomenta la adopci\u00f3n de la IA","datePublished":"2025-10-28T21:59:27+00:00","dateModified":"2025-11-18T17:15:17+00:00","mainEntityOfPage":{"@id":"https:\/\/degreed.com\/experience\/es-419\/blog\/align-chros-clos-cios-to-grow-ai-adoption\/"},"wordCount":1155,"publisher":{"@id":"https:\/\/degreed.com\/experience\/es-419\/#organization"},"image":{"@id":"https:\/\/degreed.com\/experience\/es-419\/blog\/align-chros-clos-cios-to-grow-ai-adoption\/#primaryimage"},"thumbnailUrl":"https:\/\/explore.degreed.com\/wp-content\/uploads\/2025\/10\/9-22-25-AI-Fatigue_Blog-Header-1200x1200-1.png","keywords":["Agilidad empresarial","Capacitaci\u00f3n sobre liderazgo","C\u00f3mo aprende el personal","Inteligencia Artificial","Resultados empresariales"],"articleSection":["IA e innovaci\u00f3n en el aprendizaje","Impacto en la empresa y el personal"],"inLanguage":"es-419"},{"@type":"WebPage","@id":"https:\/\/degreed.com\/experience\/es-419\/blog\/align-chros-clos-cios-to-grow-ai-adoption\/","url":"https:\/\/degreed.com\/experience\/es-419\/blog\/align-chros-clos-cios-to-grow-ai-adoption\/","name":"Unifica el criterio de los directores y fomenta la adopci\u00f3n de la IA - Degreed","isPartOf":{"@id":"https:\/\/degreed.com\/experience\/es-419\/#website"},"primaryImageOfPage":{"@id":"https:\/\/degreed.com\/experience\/es-419\/blog\/align-chros-clos-cios-to-grow-ai-adoption\/#primaryimage"},"image":{"@id":"https:\/\/degreed.com\/experience\/es-419\/blog\/align-chros-clos-cios-to-grow-ai-adoption\/#primaryimage"},"thumbnailUrl":"https:\/\/explore.degreed.com\/wp-content\/uploads\/2025\/10\/9-22-25-AI-Fatigue_Blog-Header-1200x1200-1.png","datePublished":"2025-10-28T21:59:27+00:00","dateModified":"2025-11-18T17:15:17+00:00","description":"Forma una alianza s\u00f3lida con los directores de las \u00e1reas de talentos, personal y tecnolog\u00eda para promover la adopci\u00f3n de la IA y la transformaci\u00f3n de los trabajadores.","breadcrumb":{"@id":"https:\/\/degreed.com\/experience\/es-419\/blog\/align-chros-clos-cios-to-grow-ai-adoption\/#breadcrumb"},"inLanguage":"es-419","potentialAction":[{"@type":"ReadAction","target":["https:\/\/degreed.com\/experience\/es-419\/blog\/align-chros-clos-cios-to-grow-ai-adoption\/"]}]},{"@type":"ImageObject","inLanguage":"es-419","@id":"https:\/\/degreed.com\/experience\/es-419\/blog\/align-chros-clos-cios-to-grow-ai-adoption\/#primaryimage","url":"https:\/\/explore.degreed.com\/wp-content\/uploads\/2025\/10\/9-22-25-AI-Fatigue_Blog-Header-1200x1200-1.png","contentUrl":"https:\/\/explore.degreed.com\/wp-content\/uploads\/2025\/10\/9-22-25-AI-Fatigue_Blog-Header-1200x1200-1.png","width":1200,"height":1200},{"@type":"BreadcrumbList","@id":"https:\/\/degreed.com\/experience\/es-419\/blog\/align-chros-clos-cios-to-grow-ai-adoption\/#breadcrumb","itemListElement":[{"@type":"ListItem","position":1,"name":"Home","item":"https:\/\/degreed.com\/experience\/es-419\/"},{"@type":"ListItem","position":2,"name":"Unifica el criterio de los directores y fomenta la adopci\u00f3n de la IA"}]},{"@type":"WebSite","@id":"https:\/\/degreed.com\/experience\/es-419\/#website","url":"https:\/\/degreed.com\/experience\/es-419\/","name":"Degreed","description":"The Learning and Upskilling Platform","publisher":{"@id":"https:\/\/degreed.com\/experience\/es-419\/#organization"},"potentialAction":[{"@type":"SearchAction","target":{"@type":"EntryPoint","urlTemplate":"https:\/\/degreed.com\/experience\/es-419\/?s={search_term_string}"},"query-input":{"@type":"PropertyValueSpecification","valueRequired":true,"valueName":"search_term_string"}}],"inLanguage":"es-419"},{"@type":"Organization","@id":"https:\/\/degreed.com\/experience\/es-419\/#organization","name":"Degreed","url":"https:\/\/degreed.com\/experience\/es-419\/","logo":{"@type":"ImageObject","inLanguage":"es-419","@id":"https:\/\/degreed.com\/experience\/es-419\/#\/schema\/logo\/image\/","url":"https:\/\/explore.degreed.com\/wp-content\/uploads\/2023\/05\/logo.svg","contentUrl":"https:\/\/explore.degreed.com\/wp-content\/uploads\/2023\/05\/logo.svg","caption":"Degreed"},"image":{"@id":"https:\/\/degreed.com\/experience\/es-419\/#\/schema\/logo\/image\/"},"sameAs":["https:\/\/www.facebook.com\/DegreedOfficial","https:\/\/x.com\/degreed","https:\/\/www.linkedin.com\/company\/degreed\/","https:\/\/www.youtube.com\/channel\/UCkH3pyPKVngvsZzZlmoH-Mw","https:\/\/www.instagram.com\/degreed\/"],"numberOfEmployees":{"@type":"QuantitativeValue","minValue":"201","maxValue":"500"}},{"@type":"Person","@id":"https:\/\/degreed.com\/experience\/es-419\/#\/schema\/person\/b3a491fae2121ea4f5773d2e0486cad2","name":"Susie Lee","image":{"@type":"ImageObject","inLanguage":"es-419","@id":"https:\/\/explore.degreed.com\/wp-content\/uploads\/2025\/04\/degreed-blog-1.png","url":"https:\/\/explore.degreed.com\/wp-content\/uploads\/2025\/04\/degreed-blog-1.png","contentUrl":"https:\/\/explore.degreed.com\/wp-content\/uploads\/2025\/04\/degreed-blog-1.png","caption":"Susie Lee"},"description":"Susie Lee is senior vice president and global business transformation officer at Degreed."}]}},"publishpress_future_workflow_manual_trigger":{"enabledWorkflows":[]},"_links":{"self":[{"href":"https:\/\/explore.degreed.com\/experience\/es-419\/wp-json\/wp\/v2\/posts\/87421","targetHints":{"allow":["GET"]}}],"collection":[{"href":"https:\/\/explore.degreed.com\/experience\/es-419\/wp-json\/wp\/v2\/posts"}],"about":[{"href":"https:\/\/explore.degreed.com\/experience\/es-419\/wp-json\/wp\/v2\/types\/post"}],"author":[{"embeddable":true,"href":"https:\/\/explore.degreed.com\/experience\/es-419\/wp-json\/wp\/v2\/users\/120"}],"replies":[{"embeddable":true,"href":"https:\/\/explore.degreed.com\/experience\/es-419\/wp-json\/wp\/v2\/comments?post=87421"}],"version-history":[{"count":0,"href":"https:\/\/explore.degreed.com\/experience\/es-419\/wp-json\/wp\/v2\/posts\/87421\/revisions"}],"wp:featuredmedia":[{"embeddable":true,"href":"https:\/\/explore.degreed.com\/experience\/es-419\/wp-json\/wp\/v2\/media\/87290"}],"wp:attachment":[{"href":"https:\/\/explore.degreed.com\/experience\/es-419\/wp-json\/wp\/v2\/media?parent=87421"}],"wp:term":[{"taxonomy":"category","embeddable":true,"href":"https:\/\/explore.degreed.com\/experience\/es-419\/wp-json\/wp\/v2\/categories?post=87421"},{"taxonomy":"post_tag","embeddable":true,"href":"https:\/\/explore.degreed.com\/experience\/es-419\/wp-json\/wp\/v2\/tags?post=87421"},{"taxonomy":"post_folder","embeddable":true,"href":"https:\/\/explore.degreed.com\/experience\/es-419\/wp-json\/wp\/v2\/post_folder?post=87421"}],"curies":[{"name":"wp","href":"https:\/\/api.w.org\/{rel}","templated":true}]}}