{"id":63799,"date":"2021-12-22T08:22:00","date_gmt":"2021-12-22T08:22:00","guid":{"rendered":"https:\/\/explore.local\/blog-archive\/guide-de-survie-pour-la-montee-en-competence-partie-2-combler-le-deficit-de-competences-grace-aux-donnees-et-a-lanalyse\/"},"modified":"2026-03-29T06:39:27","modified_gmt":"2026-03-29T06:39:27","slug":"guide-de-survie-pour-la-montee-en-competence-partie-2-combler-le-deficit-de-competences-grace-aux-donnees-et-a-lanalyse","status":"publish","type":"post","link":"https:\/\/degreed.com\/experience\/fr\/blog\/guide-de-survie-pour-la-montee-en-competence-partie-2-combler-le-deficit-de-competences-grace-aux-donnees-et-a-lanalyse\/","title":{"rendered":"Guide de survie pour la mont\u00e9e en comp\u00e9tence, partie 2 : combler le d\u00e9ficit de comp\u00e9tences gr\u00e2ce aux donn\u00e9es et \u00e0 l\u2019analyse"},"content":{"rendered":"\n<p>Tout change tr\u00e8s vite&nbsp;: c\u2019est la mani\u00e8re dont vous r\u00e9agissez \u00e0 ce changement qui peut conditionner la r\u00e9ussite \u00e0 court terme de votre entreprise.<\/p>\n\n\n\n<p>La grande majorit\u00e9 des entreprises \u00e0 travers le monde (<a href=\"https:\/\/www.mckinsey.com\/featured-insights\/coronavirus-leading-through-the-crisis\/charting-the-path-to-the-next-normal\/mind-the-skills-gap\" target=\"_blank\" rel=\"noreferrer noopener\">87&nbsp;%<\/a> d\u2019entre elles) savent qu\u2019elles ont un d\u00e9ficit de comp\u00e9tences ou qu\u2019elles en auront un dans quelques ann\u00e9es. Vous vous demandez peut-\u00eatre comment \u00e9laborer ou am\u00e9liorer votre strat\u00e9gie de mont\u00e9e en comp\u00e9tences pour r\u00e9pondre aux principaux besoins de votre entreprise. Vous avez peut-\u00eatre d\u00e9j\u00e0 mis en \u0153uvre un plan complet pour combler ce d\u00e9ficit. Vous avez peut-\u00eatre d\u00e9j\u00e0 quelques id\u00e9es, ou pas encore.<\/p>\n\n\n\n<p>Quelle que soit votre situation, nous sommes l\u00e0 pour vous aider. C\u2019est pour cette raison que nous avons effectu\u00e9 <a href=\"https:\/\/get.degreed.com\/upskilling-strategy-audit-general?utm_content=7014o000000Js9KAAS&utm_source=&utm_medium=&utm_campaign=\" target=\"_blank\" rel=\"noreferrer noopener\">un audit sur les strat\u00e9gies de mont\u00e9e en comp\u00e9tences<\/a>, dont l\u2019objectif \u00e9tait de vous aider \u00e0 voir ce qui fonctionnait, d\u2019\u00e9valuer les grands d\u00e9fis \u00e0 relever et de d\u00e9finir des solutions pour y faire face. En contrepartie, nous avons beaucoup appris et avons cr\u00e9\u00e9 un parcours personnalis\u00e9 avec du contenu et des outils qui vous aideront \u00e0 r\u00e9ussir. G\u00e9nial, non&nbsp;? Si vous ne l\u2019avez pas encore fait, il est encore temps de <a href=\"https:\/\/get.degreed.com\/upskilling-strategy-audit-general?utm_content=7014o000000Js9KAAS&utm_source=&utm_medium=&utm_campaign=\" target=\"_blank\" rel=\"noreferrer noopener\">r\u00e9pondre au questionnaire<\/a>&nbsp;!<\/p>\n\n\n\n<p>Les r\u00e9sultats de l\u2019audit sont r\u00e9v\u00e9lateurs. Ils permettent de se faire une bonne id\u00e9e des lacunes, des atouts et des attentes des entreprises, petites comme grandes. C\u2019est l\u00e0 qu\u2019intervient ce nouveau blog, une s\u00e9rie en trois&nbsp;parties, qui se donne pour mission de vous aider \u00e0 comprendre l\u2019univers du L&D pour <a href=\"https:\/\/degreed.com\/experience\/blog-archive\/le-guide-de-survie-pour-la-montee-en-competences-partie-1-stimuler-lengagement-avec-une-culture-axee-sur-la-formation-continue\/\" target=\"_blank\" rel=\"noreferrer noopener\">augmenter la participation<\/a>, maximiser la collecte d\u2019informations et offrir \u00e0 vos collaborateurs des opportunit\u00e9s de formation concr\u00e8tes. Dans cette seconde partie, nous t\u00e2cherons de comprendre comment l\u2019analyse des comp\u00e9tences et les donn\u00e9es peuvent vous permettre d\u2019obtenir des informations essentielles et une visibilit\u00e9 sur vos \u00e9quipes et vous aider \u00e0 combler le d\u00e9ficit de comp\u00e9tences de votre organisation.<\/p>\n\n\n\n<h2 class=\"wp-block-heading\"><strong>Pourquoi utiliser des donn\u00e9es et des analyses de comp\u00e9tences&nbsp;?<\/strong><\/h2>\n\n\n\n<p>Sans les informations que procurent les donn\u00e9es et l\u2019analyse des comp\u00e9tences, les entreprises ne peuvent pas d\u00e9cider judicieusement de quelles comp\u00e9tences elles ont besoin pour se d\u00e9velopper. Elles ont moins de visibilit\u00e9 sur les comp\u00e9tences existantes de leurs collaborateurs, celles \u00e0 acqu\u00e9rir et les lacunes existantes.<\/p>\n\n\n\n<p>Les donn\u00e9es sur les comp\u00e9tences peuvent permettre de d\u00e9couvrir les points faibles de votre organisation et de d\u00e9terminer des strat\u00e9gies d\u2019am\u00e9lioration possibles. Vous pourrez les utiliser pour identifier et d\u00e9velopper des comp\u00e9tences futures, trouver des opportunit\u00e9s de croissance et rep\u00e9rer les points forts et les risques.<\/p>\n\n\n\n<p>Pour commencer \u00e0 utiliser les donn\u00e9es sur les comp\u00e9tences, songez \u00e0 vos objectifs personnels, \u00e0 ceux de votre \u00e9quipe ou ceux de votre organisation. Quelles sont les priorit\u00e9s&nbsp;? Une fois ces objectifs identifi\u00e9s, vous pourrez commencer \u00e0 rechercher et \u00e0 faire le suivi des indicateurs de r\u00e9ussite les plus importants pour votre organisation et vos collaborateurs.<\/p>\n\n\n\n<h2 class=\"wp-block-heading\"><strong>Envisager l\u2019avenir<\/strong><\/h2>\n\n\n\n<p>De nos jours, on attend des \u00e9quipes responsables de la formation qu\u2019elles comblent les lacunes de comp\u00e9tences tout en aidant les collaborateurs \u00e0 devenir plus agiles, plus innovants et plus inclusifs. Mais plus de la moiti\u00e9 des dirigeants d\u2019entreprises (53\u00a0%, <a rel=\"noreferrer noopener\" href=\"https:\/\/www.gartner.com\/smarterwithgartner\/lack-of-skills-threatens-digital-transformation\" target=\"_blank\">selon Gartner<\/a>) d\u00e9clarent que le manque de visibilit\u00e9 sur les comp\u00e9tences est le principal obstacle \u00e0 la transformation du personnel. Les personnes interrog\u00e9es dans le cadre de notre audit sont d\u2019accord avec cette affirmation, 56\u00a0% d\u2019entre elles ayant d\u00e9clar\u00e9 que le manque de visibilit\u00e9 et de donn\u00e9es pr\u00e9cises sur les comp\u00e9tences et les lacunes des collaborateurs constituait leur principal d\u00e9fi.<\/p>\n\n\n\n<figure class=\"wp-block-image size-large\"><img decoding=\"async\" src=\"https:\/\/explore.degreed.com\/wp-content\/uploads\/2025\/04\/Blog-in-post-1-1-14-1024x835.png\" alt=\"\" class=\"wp-image-37683\"\/><\/figure>\n\n\n\n<p>Parmi les autres probl\u00e8mes les plus urgents \u00e9voqu\u00e9s par les sond\u00e9s figurent la n\u00e9cessit\u00e9 de disposer d\u2019un syst\u00e8me indiquant les perspectives d\u2019\u00e9volution de carri\u00e8re (30&nbsp;%) et la fragmentation du syst\u00e8me de formation (14,5&nbsp;%). Comment obtenir des statistiques et identifier des opportunit\u00e9s en m\u00eame temps&nbsp;? Gr\u00e2ce au suivi, \u00e0 l\u2019utilisation et \u00e0 la compr\u00e9hension de l\u2019analyse des comp\u00e9tences dans un syst\u00e8me intelligent <a href=\"https:\/\/degreed.com\/experience\/fr\/blog\/meet-degreed-intelligence\/\" target=\"_blank\" rel=\"noreferrer noopener\">tel que Degreed<\/a>.<\/p>\n\n\n\n<p><a href=\"https:\/\/www.gartner.com\/document\/3979607?ref=solrAll&refval=296651999\" target=\"_blank\" rel=\"noreferrer noopener\">Selon Gartner<\/a>, d\u2019ici 2023, 40&nbsp;% des grandes organisations auront adopt\u00e9 des technologies d\u2019analyse de la formation. Les dirigeants d\u2019entreprises et les responsables de formation ne sont pas les seuls \u00e0 avoir besoin d\u2019une vue d\u2019ensemble des comp\u00e9tences et des analyses de comp\u00e9tences. Dans notre rapport intitul\u00e9 \u00ab&nbsp;<a href=\"https:\/\/get.degreed.com\/fr\/state-of-skills-lp-france\" target=\"_blank\" rel=\"noreferrer noopener\"><em>L\u2019\u00e9tat des comp\u00e9tences<\/em><\/a>&nbsp;\u00bb, plus d\u2019un tiers (38&nbsp;%) des collaborateurs se disent moins confiants qu\u2019avant la pand\u00e9mie en ce qui concerne les comp\u00e9tences dont ils disposent pour accomplir efficacement leur travail. Et pr\u00e8s de la moiti\u00e9 d\u2019entre eux (46&nbsp;%) estiment que leurs comp\u00e9tences actuelles seront obsol\u00e8tes d\u2019ici trois \u00e0 cinq&nbsp;ans.<\/p>\n\n\n\n<p>Que pouvez-vous faire pour apaiser les inqui\u00e9tudes de vos collaborateurs et augmenter les chances de r\u00e9ussite de votre entreprise&nbsp;? Attaquez-vous de front \u00e0 l\u2019\u00e9cart de comp\u00e9tences qui existe au sein de votre entreprise. Passez en revue l\u2019ensemble des comp\u00e9tences disponibles, investissez dans les bonnes ressources pour former vos employ\u00e9s et instaurez une culture ax\u00e9e sur la formation continue et le d\u00e9veloppement de comp\u00e9tences pour garantir la croissance et la r\u00e9ussite \u00e0 long terme.<\/p>\n\n\n\n<h2 class=\"wp-block-heading\"><strong>R\u00e9soudre les probl\u00e8mes de demain<\/strong><\/h2>\n\n\n\n<p>Il est indispensable de comprendre l\u2019offre et la demande de comp\u00e9tences au sein de votre entreprise pour \u00e9laborer votre strat\u00e9gie de mont\u00e9e en comp\u00e9tences et de perfectionnement. Vous devez savoir quelles sont les comp\u00e9tences qui gagnent ou perdent du terrain dans votre pays, dans votre entreprise et dans le cadre de votre r\u00f4le.<\/p>\n\n\n\n<p>Malgr\u00e9 cela, 46\u00a0% des participants \u00e0 notre audit ne recueillent pas de donn\u00e9es sur les comp\u00e9tences, 30\u00a0% ont recours \u00e0 un syst\u00e8me manuel propre, comme Excel, et 22\u00a0% utilisent plusieurs outils. D\u2019autres utilisent un outil de gestion du capital humain ou se fient aux CV, qui ne sont pas vraiment pr\u00e9cis et qui ne permettent pas de mesurer les comp\u00e9tences dans la pratique. Seuls 19\u00a0% d\u2019entre eux se servent d\u2019un syst\u00e8me intelligent permettant de comprendre intuitivement l\u2019inventaire des comp\u00e9tences et les performances.<\/p>\n\n\n\n<figure class=\"wp-block-image size-large\"><img decoding=\"async\" src=\"https:\/\/explore.degreed.com\/wp-content\/uploads\/2025\/04\/Blog-in-post-2-1-13.png\" alt=\"\" class=\"wp-image-37685\"\/><\/figure>\n\n\n\n<p>Il n\u2019est pas facile de savoir par o\u00f9 commencer avec les donn\u00e9es sur les comp\u00e9tences et comment en tirer le meilleur parti. En effet, il existe d\u2019innombrables fa\u00e7ons d\u2019analyser les donn\u00e9es sur les comp\u00e9tences et de les appliquer aux objectifs de votre organisation et \u00e0 vos objectifs individuels. Le moyen le plus simple de trouver de nouvelles id\u00e9es et de nouvelles strat\u00e9gies est de demander l\u2019avis de ceux qui sont dans la m\u00eame situation que vous.<\/p>\n\n\n\n<p>FICO, un client de Degreed, <a href=\"https:\/\/degreed.com\/experience\/fr\/blog\/3-ways-skill-data-agile-talent-development\/\" target=\"_blank\" rel=\"noreferrer noopener\">utilise les donn\u00e9es sur les comp\u00e9tences<\/a> comme un outil pour guider et mettre en place des initiatives cibl\u00e9es et des plans de formation personnalis\u00e9s. Ces derniers sont en parfaite ad\u00e9quation avec les priorit\u00e9s strat\u00e9giques de cette soci\u00e9t\u00e9 de notation financi\u00e8re qui fournit des logiciels d\u2019analyse aux banques, aux compagnies d\u2019assurance, aux entreprises de t\u00e9l\u00e9communications, aux distributeurs, etc.<\/p>\n\n\n\n<p>Les donn\u00e9es de formation classiques sont g\u00e9n\u00e9ralement ax\u00e9es sur le nombre de cours suivis et le temps consacr\u00e9 \u00e0 la formation, ce qui ne permet pas de les mettre directement en lien avec les r\u00e9sultats de l\u2019entreprise. \u00ab&nbsp;On ne peut pas en dire autant des donn\u00e9es sur les comp\u00e9tences&nbsp;\u00bb, affirme Chrissy Chamberlain, directrice principale de la formation num\u00e9rique de <a href=\"https:\/\/get.degreed.com\/lens-lite-2021-skill-data\" target=\"_blank\" rel=\"noreferrer noopener\">Degreed&nbsp;LENS&nbsp;Lite. <\/a>\u00ab&nbsp;En effet, pour atteindre les r\u00e9sultats escompt\u00e9s, les entreprises ont besoin de r\u00e9unir un ensemble de comp\u00e9tences et de talents, et non pas simplement d\u2019exiger de leurs collaborateurs qu\u2019ils suivent un programme de formation sp\u00e9cifique. Et les comp\u00e9tences sont mesurables. On peut les \u00e9valuer. On peut les situer dans un contexte. On peut suivre un parcours de mont\u00e9e en comp\u00e9tences, du niveau d\u00e9butant au niveau expert, et la formation devient alors une activit\u00e9 qui soutient ce cheminement.&nbsp;\u00bb<\/p>\n\n\n\n<p>Pour r\u00e9sumer, les comp\u00e9tences sont <a href=\"https:\/\/degreed.com\/experience\/blog\/skills-and-competencies\/\" target=\"_blank\" rel=\"noreferrer noopener\">tra\u00e7ables, mesurables et modulables<\/a>. Lorsque vous suivez l\u2019offre et la demande de comp\u00e9tences \u00e0 l\u2019aide d\u2019un syst\u00e8me intelligent comme Degreed, vous pouvez&nbsp;:<\/p>\n\n\n\n<ul class=\"wp-block-list\"><li>Investir efficacement dans les ressources humaines en comprenant quelles comp\u00e9tences vos collaborateurs d\u00e9tiennent ou n\u00e9cessitent<\/li><li>Uniformiser les donn\u00e9es gr\u00e2ce aux int\u00e9grations avec les outils de gestion des ressources humaines et de la formation<\/li><li>Maintenir automatiquement \u00e0 jour les donn\u00e9es relatives aux comp\u00e9tences<\/li><\/ul>\n\n\n\n<p>L\u2019analyse des comp\u00e9tences peut devenir la nouvelle arme fatale du L&D. Vous pouvez hi\u00e9rarchiser les t\u00e2ches de vos collaborateurs pour r\u00e9pondre aux besoins les plus essentiels de votre entreprise tout en comblant le d\u00e9ficit de comp\u00e9tences. Et lorsque votre \u00e9quipe s\u2019adapte rapidement pour saisir de nouvelles opportunit\u00e9s, vous avez de meilleures chances de surpasser vos concurrents. En somme, les organisations qui veulent d\u00e9velopper les comp\u00e9tences d\u2019aujourd\u2019hui et de demain privil\u00e9gient et investissent dans des syst\u00e8mes qui savent tirer parti de l\u2019analyse des comp\u00e9tences.<\/p>\n\n\n\n<h2 class=\"wp-block-heading\"><strong>Vous souhaitez en savoir plus&nbsp;?<\/strong><\/h2>\n\n\n\n<p>Participez \u00e0 notre <a href=\"https:\/\/get.degreed.com\/upskilling-strategy-audit-general?utm_content=7014o000000Js9KAAS&utm_source=&utm_medium=&utm_campaign=\" target=\"_blank\" rel=\"noreferrer noopener\">audit sur les strat\u00e9gies de mont\u00e9e en comp\u00e9tences<\/a> pour d\u00e9couvrir ce que vous pouvez faire pour appuyer votre strat\u00e9gie&nbsp;L&D. T\u00e9l\u00e9chargez aussi notre tout dernier rapport intitul\u00e9 <a href=\"https:\/\/get.degreed.com\/fr-fr\/how-the-workforce-learns-2021?utm_content=7014o000000KMQGAA4&utm_source=Degreed&utm_medium=OSE&utm_campaign=HWL\" target=\"_blank\" rel=\"noreferrer noopener\"><em>Strat\u00e9gie Learning&nbsp;: Comment se forment r\u00e9ellement les collaborateurs&nbsp;?<\/em><\/a> afin de d\u00e9couvrir 15&nbsp;mesures \u00e0 prendre pour implanter une culture apprenante positive au sein de votre organisation.<\/p>\n\n\n\n<figure class=\"wp-block-image size-large\"><a href=\"https:\/\/get.degreed.com\/fr-fr\/how-the-workforce-learns-2021?utm_content=7014o000000KMQGAA4&utm_source=Degreed&utm_medium=OSE&utm_campaign=HWL\"><img decoding=\"async\" src=\"https:\/\/explore.degreed.com\/wp-content\/uploads\/2025\/04\/FR_fr_CTA-Banners_How-the-Workforce-Learns_1-copy-2-1-1024x264.jpg\" alt=\"\" class=\"wp-image-37620\"\/><\/a><\/figure>\n\n\n\n<h2 class=\"wp-block-heading\"><strong> <\/strong><\/h2>\n","protected":false},"excerpt":{"rendered":"<p>Tout change tr\u00e8s vite&nbsp;: c\u2019est la mani\u00e8re dont vous r\u00e9agissez \u00e0 ce changement qui peut conditionner la r\u00e9ussite \u00e0 court terme de votre entreprise. La grande majorit\u00e9 des entreprises \u00e0 travers le monde (87&nbsp;% d\u2019entre elles) savent qu\u2019elles ont un d\u00e9ficit de comp\u00e9tences ou qu\u2019elles en auront un dans quelques ann\u00e9es. Vous vous demandez peut-\u00eatre [&hellip;]<\/p>\n","protected":false},"author":42,"featured_media":63803,"comment_status":"open","ping_status":"open","sticky":false,"template":"","format":"standard","meta":{"_acf_changed":false,"inline_featured_image":false,"footnotes":""},"categories":[],"tags":[535],"post_folder":[],"class_list":["post-63799","post","type-post","status-publish","format-standard","has-post-thumbnail","hentry","tag-degreed-france"],"acf":[],"yoast_head":"<!-- This site is optimized with the Yoast SEO Premium plugin v27.4 (Yoast SEO v27.4) - https:\/\/yoast.com\/product\/yoast-seo-premium-wordpress\/ -->\n<title>Guide de survie pour la mont\u00e9e en comp\u00e9tence, partie 2 : combler le d\u00e9ficit de comp\u00e9tences gr\u00e2ce aux donn\u00e9es et \u00e0 l\u2019analyse - Degreed<\/title>\n<meta name=\"robots\" content=\"index, follow, max-snippet:-1, max-image-preview:large, max-video-preview:-1\" \/>\n<link rel=\"canonical\" href=\"https:\/\/degreed.com\/experience\/fr\/blog\/guide-de-survie-pour-la-montee-en-competence-partie-2-combler-le-deficit-de-competences-grace-aux-donnees-et-a-lanalyse\/\" \/>\n<meta property=\"og:locale\" content=\"fr_FR\" \/>\n<meta property=\"og:type\" content=\"article\" \/>\n<meta property=\"og:title\" content=\"Guide de survie pour la mont\u00e9e en comp\u00e9tence, partie 2 : combler le d\u00e9ficit de comp\u00e9tences gr\u00e2ce aux donn\u00e9es et \u00e0 l\u2019analyse\" \/>\n<meta property=\"og:description\" content=\"Tout change tr\u00e8s vite&nbsp;: c\u2019est la mani\u00e8re dont vous r\u00e9agissez \u00e0 ce changement qui peut conditionner la r\u00e9ussite \u00e0 court terme de votre entreprise. La grande majorit\u00e9 des entreprises \u00e0 travers le monde (87&nbsp;% d\u2019entre elles) savent qu\u2019elles ont un d\u00e9ficit de comp\u00e9tences ou qu\u2019elles en auront un dans quelques ann\u00e9es. Vous vous demandez peut-\u00eatre [&hellip;]\" \/>\n<meta property=\"og:url\" content=\"https:\/\/degreed.com\/experience\/fr\/blog\/guide-de-survie-pour-la-montee-en-competence-partie-2-combler-le-deficit-de-competences-grace-aux-donnees-et-a-lanalyse\/\" \/>\n<meta property=\"og:site_name\" content=\"Degreed\" \/>\n<meta property=\"article:publisher\" content=\"https:\/\/www.facebook.com\/DegreedOfficial\" \/>\n<meta property=\"article:published_time\" content=\"2021-12-22T08:22:00+00:00\" \/>\n<meta property=\"article:modified_time\" content=\"2026-03-29T06:39:27+00:00\" \/>\n<meta property=\"og:image\" content=\"https:\/\/explore.degreed.com\/wp-content\/uploads\/2025\/04\/Blog-Header-1200x1200-5-8.png\" \/>\n\t<meta property=\"og:image:width\" content=\"2560\" \/>\n\t<meta property=\"og:image:height\" content=\"2560\" \/>\n\t<meta property=\"og:image:type\" content=\"image\/png\" \/>\n<meta name=\"author\" content=\"Christiana Torres\" \/>\n<meta name=\"twitter:card\" content=\"summary_large_image\" \/>\n<meta name=\"twitter:creator\" content=\"@degreed\" \/>\n<meta name=\"twitter:site\" content=\"@degreed\" \/>\n<meta name=\"twitter:label1\" content=\"\u00c9crit par\" \/>\n\t<meta name=\"twitter:data1\" content=\"Christiana Torres\" \/>\n\t<meta name=\"twitter:label2\" content=\"Dur\u00e9e de lecture estim\u00e9e\" \/>\n\t<meta name=\"twitter:data2\" content=\"8 minutes\" \/>\n<script type=\"application\/ld+json\" class=\"yoast-schema-graph\">{\"@context\":\"https:\\\/\\\/schema.org\",\"@graph\":[{\"@type\":\"Article\",\"@id\":\"https:\\\/\\\/degreed.com\\\/experience\\\/fr\\\/blog\\\/guide-de-survie-pour-la-montee-en-competence-partie-2-combler-le-deficit-de-competences-grace-aux-donnees-et-a-lanalyse\\\/#article\",\"isPartOf\":{\"@id\":\"https:\\\/\\\/degreed.com\\\/experience\\\/fr\\\/blog\\\/guide-de-survie-pour-la-montee-en-competence-partie-2-combler-le-deficit-de-competences-grace-aux-donnees-et-a-lanalyse\\\/\"},\"author\":{\"name\":\"Christiana Torres\",\"@id\":\"https:\\\/\\\/degreed.com\\\/experience\\\/fr\\\/#\\\/schema\\\/person\\\/551aab2e05b05acb0f015a87cb8d3425\"},\"headline\":\"Guide de survie pour la mont\u00e9e en comp\u00e9tence, partie 2 : combler le d\u00e9ficit de comp\u00e9tences gr\u00e2ce aux donn\u00e9es et \u00e0 l\u2019analyse\",\"datePublished\":\"2021-12-22T08:22:00+00:00\",\"dateModified\":\"2026-03-29T06:39:27+00:00\",\"mainEntityOfPage\":{\"@id\":\"https:\\\/\\\/degreed.com\\\/experience\\\/fr\\\/blog\\\/guide-de-survie-pour-la-montee-en-competence-partie-2-combler-le-deficit-de-competences-grace-aux-donnees-et-a-lanalyse\\\/\"},\"wordCount\":1684,\"commentCount\":0,\"publisher\":{\"@id\":\"https:\\\/\\\/degreed.com\\\/experience\\\/fr\\\/#organization\"},\"image\":{\"@id\":\"https:\\\/\\\/degreed.com\\\/experience\\\/fr\\\/blog\\\/guide-de-survie-pour-la-montee-en-competence-partie-2-combler-le-deficit-de-competences-grace-aux-donnees-et-a-lanalyse\\\/#primaryimage\"},\"thumbnailUrl\":\"https:\\\/\\\/explore.degreed.com\\\/wp-content\\\/uploads\\\/2025\\\/04\\\/Blog-Header-1200x1200-5-8.png\",\"keywords\":[\"Degreed France\"],\"inLanguage\":\"fr-FR\",\"potentialAction\":[{\"@type\":\"CommentAction\",\"name\":\"Comment\",\"target\":[\"https:\\\/\\\/degreed.com\\\/experience\\\/fr\\\/blog\\\/guide-de-survie-pour-la-montee-en-competence-partie-2-combler-le-deficit-de-competences-grace-aux-donnees-et-a-lanalyse\\\/#respond\"]}]},{\"@type\":\"WebPage\",\"@id\":\"https:\\\/\\\/degreed.com\\\/experience\\\/fr\\\/blog\\\/guide-de-survie-pour-la-montee-en-competence-partie-2-combler-le-deficit-de-competences-grace-aux-donnees-et-a-lanalyse\\\/\",\"url\":\"https:\\\/\\\/degreed.com\\\/experience\\\/fr\\\/blog\\\/guide-de-survie-pour-la-montee-en-competence-partie-2-combler-le-deficit-de-competences-grace-aux-donnees-et-a-lanalyse\\\/\",\"name\":\"Guide de survie pour la mont\u00e9e en comp\u00e9tence, partie 2 : combler le d\u00e9ficit de comp\u00e9tences gr\u00e2ce aux donn\u00e9es et \u00e0 l\u2019analyse - Degreed\",\"isPartOf\":{\"@id\":\"https:\\\/\\\/degreed.com\\\/experience\\\/fr\\\/#website\"},\"primaryImageOfPage\":{\"@id\":\"https:\\\/\\\/degreed.com\\\/experience\\\/fr\\\/blog\\\/guide-de-survie-pour-la-montee-en-competence-partie-2-combler-le-deficit-de-competences-grace-aux-donnees-et-a-lanalyse\\\/#primaryimage\"},\"image\":{\"@id\":\"https:\\\/\\\/degreed.com\\\/experience\\\/fr\\\/blog\\\/guide-de-survie-pour-la-montee-en-competence-partie-2-combler-le-deficit-de-competences-grace-aux-donnees-et-a-lanalyse\\\/#primaryimage\"},\"thumbnailUrl\":\"https:\\\/\\\/explore.degreed.com\\\/wp-content\\\/uploads\\\/2025\\\/04\\\/Blog-Header-1200x1200-5-8.png\",\"datePublished\":\"2021-12-22T08:22:00+00:00\",\"dateModified\":\"2026-03-29T06:39:27+00:00\",\"breadcrumb\":{\"@id\":\"https:\\\/\\\/degreed.com\\\/experience\\\/fr\\\/blog\\\/guide-de-survie-pour-la-montee-en-competence-partie-2-combler-le-deficit-de-competences-grace-aux-donnees-et-a-lanalyse\\\/#breadcrumb\"},\"inLanguage\":\"fr-FR\",\"potentialAction\":[{\"@type\":\"ReadAction\",\"target\":[\"https:\\\/\\\/degreed.com\\\/experience\\\/fr\\\/blog\\\/guide-de-survie-pour-la-montee-en-competence-partie-2-combler-le-deficit-de-competences-grace-aux-donnees-et-a-lanalyse\\\/\"]}]},{\"@type\":\"ImageObject\",\"inLanguage\":\"fr-FR\",\"@id\":\"https:\\\/\\\/degreed.com\\\/experience\\\/fr\\\/blog\\\/guide-de-survie-pour-la-montee-en-competence-partie-2-combler-le-deficit-de-competences-grace-aux-donnees-et-a-lanalyse\\\/#primaryimage\",\"url\":\"https:\\\/\\\/explore.degreed.com\\\/wp-content\\\/uploads\\\/2025\\\/04\\\/Blog-Header-1200x1200-5-8.png\",\"contentUrl\":\"https:\\\/\\\/explore.degreed.com\\\/wp-content\\\/uploads\\\/2025\\\/04\\\/Blog-Header-1200x1200-5-8.png\",\"width\":2560,\"height\":2560},{\"@type\":\"BreadcrumbList\",\"@id\":\"https:\\\/\\\/degreed.com\\\/experience\\\/fr\\\/blog\\\/guide-de-survie-pour-la-montee-en-competence-partie-2-combler-le-deficit-de-competences-grace-aux-donnees-et-a-lanalyse\\\/#breadcrumb\",\"itemListElement\":[{\"@type\":\"ListItem\",\"position\":1,\"name\":\"Home\",\"item\":\"https:\\\/\\\/degreed.com\\\/experience\\\/fr\\\/\"},{\"@type\":\"ListItem\",\"position\":2,\"name\":\"Guide de survie pour la mont\u00e9e en comp\u00e9tence, partie 2 : combler le d\u00e9ficit de comp\u00e9tences gr\u00e2ce aux donn\u00e9es et \u00e0 l\u2019analyse\"}]},{\"@type\":\"WebSite\",\"@id\":\"https:\\\/\\\/degreed.com\\\/experience\\\/fr\\\/#website\",\"url\":\"https:\\\/\\\/degreed.com\\\/experience\\\/fr\\\/\",\"name\":\"Degreed\",\"description\":\"The Learning and Upskilling Platform\",\"publisher\":{\"@id\":\"https:\\\/\\\/degreed.com\\\/experience\\\/fr\\\/#organization\"},\"potentialAction\":[{\"@type\":\"SearchAction\",\"target\":{\"@type\":\"EntryPoint\",\"urlTemplate\":\"https:\\\/\\\/degreed.com\\\/experience\\\/fr\\\/?s={search_term_string}\"},\"query-input\":{\"@type\":\"PropertyValueSpecification\",\"valueRequired\":true,\"valueName\":\"search_term_string\"}}],\"inLanguage\":\"fr-FR\"},{\"@type\":\"Organization\",\"@id\":\"https:\\\/\\\/degreed.com\\\/experience\\\/fr\\\/#organization\",\"name\":\"Degreed\",\"url\":\"https:\\\/\\\/degreed.com\\\/experience\\\/fr\\\/\",\"logo\":{\"@type\":\"ImageObject\",\"inLanguage\":\"fr-FR\",\"@id\":\"https:\\\/\\\/degreed.com\\\/experience\\\/fr\\\/#\\\/schema\\\/logo\\\/image\\\/\",\"url\":\"https:\\\/\\\/explore.degreed.com\\\/wp-content\\\/uploads\\\/2023\\\/05\\\/logo.svg\",\"contentUrl\":\"https:\\\/\\\/explore.degreed.com\\\/wp-content\\\/uploads\\\/2023\\\/05\\\/logo.svg\",\"caption\":\"Degreed\"},\"image\":{\"@id\":\"https:\\\/\\\/degreed.com\\\/experience\\\/fr\\\/#\\\/schema\\\/logo\\\/image\\\/\"},\"sameAs\":[\"https:\\\/\\\/www.facebook.com\\\/DegreedOfficial\",\"https:\\\/\\\/x.com\\\/degreed\",\"https:\\\/\\\/www.linkedin.com\\\/company\\\/degreed\\\/\",\"https:\\\/\\\/www.youtube.com\\\/channel\\\/UCkH3pyPKVngvsZzZlmoH-Mw\",\"https:\\\/\\\/www.instagram.com\\\/degreed\\\/\"],\"numberOfEmployees\":{\"@type\":\"QuantitativeValue\",\"minValue\":\"201\",\"maxValue\":\"500\"}},{\"@type\":\"Person\",\"@id\":\"https:\\\/\\\/degreed.com\\\/experience\\\/fr\\\/#\\\/schema\\\/person\\\/551aab2e05b05acb0f015a87cb8d3425\",\"name\":\"Christiana Torres\",\"image\":{\"@type\":\"ImageObject\",\"inLanguage\":\"fr-FR\",\"@id\":\"https:\\\/\\\/explore.degreed.com\\\/wp-content\\\/uploads\\\/2025\\\/04\\\/degreed-blog-1.png\",\"url\":\"https:\\\/\\\/explore.degreed.com\\\/wp-content\\\/uploads\\\/2025\\\/04\\\/degreed-blog-1.png\",\"contentUrl\":\"https:\\\/\\\/explore.degreed.com\\\/wp-content\\\/uploads\\\/2025\\\/04\\\/degreed-blog-1.png\",\"caption\":\"Christiana Torres\"},\"description\":\"Christiana Torres is the former content manager at Degreed.\"}]}<\/script>\n<!-- \/ Yoast SEO Premium plugin. -->","yoast_head_json":{"title":"Guide de survie pour la mont\u00e9e en comp\u00e9tence, partie 2 : combler le d\u00e9ficit de comp\u00e9tences gr\u00e2ce aux donn\u00e9es et \u00e0 l\u2019analyse - Degreed","robots":{"index":"index","follow":"follow","max-snippet":"max-snippet:-1","max-image-preview":"max-image-preview:large","max-video-preview":"max-video-preview:-1"},"canonical":"https:\/\/degreed.com\/experience\/fr\/blog\/guide-de-survie-pour-la-montee-en-competence-partie-2-combler-le-deficit-de-competences-grace-aux-donnees-et-a-lanalyse\/","og_locale":"fr_FR","og_type":"article","og_title":"Guide de survie pour la mont\u00e9e en comp\u00e9tence, partie 2 : combler le d\u00e9ficit de comp\u00e9tences gr\u00e2ce aux donn\u00e9es et \u00e0 l\u2019analyse","og_description":"Tout change tr\u00e8s vite&nbsp;: c\u2019est la mani\u00e8re dont vous r\u00e9agissez \u00e0 ce changement qui peut conditionner la r\u00e9ussite \u00e0 court terme de votre entreprise. La grande majorit\u00e9 des entreprises \u00e0 travers le monde (87&nbsp;% d\u2019entre elles) savent qu\u2019elles ont un d\u00e9ficit de comp\u00e9tences ou qu\u2019elles en auront un dans quelques ann\u00e9es. Vous vous demandez peut-\u00eatre [&hellip;]","og_url":"https:\/\/degreed.com\/experience\/fr\/blog\/guide-de-survie-pour-la-montee-en-competence-partie-2-combler-le-deficit-de-competences-grace-aux-donnees-et-a-lanalyse\/","og_site_name":"Degreed","article_publisher":"https:\/\/www.facebook.com\/DegreedOfficial","article_published_time":"2021-12-22T08:22:00+00:00","article_modified_time":"2026-03-29T06:39:27+00:00","og_image":[{"width":2560,"height":2560,"url":"https:\/\/explore.degreed.com\/wp-content\/uploads\/2025\/04\/Blog-Header-1200x1200-5-8.png","type":"image\/png"}],"author":"Christiana Torres","twitter_card":"summary_large_image","twitter_creator":"@degreed","twitter_site":"@degreed","twitter_misc":{"\u00c9crit par":"Christiana Torres","Dur\u00e9e de lecture estim\u00e9e":"8 minutes"},"schema":{"@context":"https:\/\/schema.org","@graph":[{"@type":"Article","@id":"https:\/\/degreed.com\/experience\/fr\/blog\/guide-de-survie-pour-la-montee-en-competence-partie-2-combler-le-deficit-de-competences-grace-aux-donnees-et-a-lanalyse\/#article","isPartOf":{"@id":"https:\/\/degreed.com\/experience\/fr\/blog\/guide-de-survie-pour-la-montee-en-competence-partie-2-combler-le-deficit-de-competences-grace-aux-donnees-et-a-lanalyse\/"},"author":{"name":"Christiana Torres","@id":"https:\/\/degreed.com\/experience\/fr\/#\/schema\/person\/551aab2e05b05acb0f015a87cb8d3425"},"headline":"Guide de survie pour la mont\u00e9e en comp\u00e9tence, partie 2 : combler le d\u00e9ficit de comp\u00e9tences gr\u00e2ce aux donn\u00e9es et \u00e0 l\u2019analyse","datePublished":"2021-12-22T08:22:00+00:00","dateModified":"2026-03-29T06:39:27+00:00","mainEntityOfPage":{"@id":"https:\/\/degreed.com\/experience\/fr\/blog\/guide-de-survie-pour-la-montee-en-competence-partie-2-combler-le-deficit-de-competences-grace-aux-donnees-et-a-lanalyse\/"},"wordCount":1684,"commentCount":0,"publisher":{"@id":"https:\/\/degreed.com\/experience\/fr\/#organization"},"image":{"@id":"https:\/\/degreed.com\/experience\/fr\/blog\/guide-de-survie-pour-la-montee-en-competence-partie-2-combler-le-deficit-de-competences-grace-aux-donnees-et-a-lanalyse\/#primaryimage"},"thumbnailUrl":"https:\/\/explore.degreed.com\/wp-content\/uploads\/2025\/04\/Blog-Header-1200x1200-5-8.png","keywords":["Degreed France"],"inLanguage":"fr-FR","potentialAction":[{"@type":"CommentAction","name":"Comment","target":["https:\/\/degreed.com\/experience\/fr\/blog\/guide-de-survie-pour-la-montee-en-competence-partie-2-combler-le-deficit-de-competences-grace-aux-donnees-et-a-lanalyse\/#respond"]}]},{"@type":"WebPage","@id":"https:\/\/degreed.com\/experience\/fr\/blog\/guide-de-survie-pour-la-montee-en-competence-partie-2-combler-le-deficit-de-competences-grace-aux-donnees-et-a-lanalyse\/","url":"https:\/\/degreed.com\/experience\/fr\/blog\/guide-de-survie-pour-la-montee-en-competence-partie-2-combler-le-deficit-de-competences-grace-aux-donnees-et-a-lanalyse\/","name":"Guide de survie pour la mont\u00e9e en comp\u00e9tence, partie 2 : combler le d\u00e9ficit de comp\u00e9tences gr\u00e2ce aux donn\u00e9es et \u00e0 l\u2019analyse - Degreed","isPartOf":{"@id":"https:\/\/degreed.com\/experience\/fr\/#website"},"primaryImageOfPage":{"@id":"https:\/\/degreed.com\/experience\/fr\/blog\/guide-de-survie-pour-la-montee-en-competence-partie-2-combler-le-deficit-de-competences-grace-aux-donnees-et-a-lanalyse\/#primaryimage"},"image":{"@id":"https:\/\/degreed.com\/experience\/fr\/blog\/guide-de-survie-pour-la-montee-en-competence-partie-2-combler-le-deficit-de-competences-grace-aux-donnees-et-a-lanalyse\/#primaryimage"},"thumbnailUrl":"https:\/\/explore.degreed.com\/wp-content\/uploads\/2025\/04\/Blog-Header-1200x1200-5-8.png","datePublished":"2021-12-22T08:22:00+00:00","dateModified":"2026-03-29T06:39:27+00:00","breadcrumb":{"@id":"https:\/\/degreed.com\/experience\/fr\/blog\/guide-de-survie-pour-la-montee-en-competence-partie-2-combler-le-deficit-de-competences-grace-aux-donnees-et-a-lanalyse\/#breadcrumb"},"inLanguage":"fr-FR","potentialAction":[{"@type":"ReadAction","target":["https:\/\/degreed.com\/experience\/fr\/blog\/guide-de-survie-pour-la-montee-en-competence-partie-2-combler-le-deficit-de-competences-grace-aux-donnees-et-a-lanalyse\/"]}]},{"@type":"ImageObject","inLanguage":"fr-FR","@id":"https:\/\/degreed.com\/experience\/fr\/blog\/guide-de-survie-pour-la-montee-en-competence-partie-2-combler-le-deficit-de-competences-grace-aux-donnees-et-a-lanalyse\/#primaryimage","url":"https:\/\/explore.degreed.com\/wp-content\/uploads\/2025\/04\/Blog-Header-1200x1200-5-8.png","contentUrl":"https:\/\/explore.degreed.com\/wp-content\/uploads\/2025\/04\/Blog-Header-1200x1200-5-8.png","width":2560,"height":2560},{"@type":"BreadcrumbList","@id":"https:\/\/degreed.com\/experience\/fr\/blog\/guide-de-survie-pour-la-montee-en-competence-partie-2-combler-le-deficit-de-competences-grace-aux-donnees-et-a-lanalyse\/#breadcrumb","itemListElement":[{"@type":"ListItem","position":1,"name":"Home","item":"https:\/\/degreed.com\/experience\/fr\/"},{"@type":"ListItem","position":2,"name":"Guide de survie pour la mont\u00e9e en comp\u00e9tence, partie 2 : combler le d\u00e9ficit de comp\u00e9tences gr\u00e2ce aux donn\u00e9es et \u00e0 l\u2019analyse"}]},{"@type":"WebSite","@id":"https:\/\/degreed.com\/experience\/fr\/#website","url":"https:\/\/degreed.com\/experience\/fr\/","name":"Degreed","description":"The Learning and Upskilling Platform","publisher":{"@id":"https:\/\/degreed.com\/experience\/fr\/#organization"},"potentialAction":[{"@type":"SearchAction","target":{"@type":"EntryPoint","urlTemplate":"https:\/\/degreed.com\/experience\/fr\/?s={search_term_string}"},"query-input":{"@type":"PropertyValueSpecification","valueRequired":true,"valueName":"search_term_string"}}],"inLanguage":"fr-FR"},{"@type":"Organization","@id":"https:\/\/degreed.com\/experience\/fr\/#organization","name":"Degreed","url":"https:\/\/degreed.com\/experience\/fr\/","logo":{"@type":"ImageObject","inLanguage":"fr-FR","@id":"https:\/\/degreed.com\/experience\/fr\/#\/schema\/logo\/image\/","url":"https:\/\/explore.degreed.com\/wp-content\/uploads\/2023\/05\/logo.svg","contentUrl":"https:\/\/explore.degreed.com\/wp-content\/uploads\/2023\/05\/logo.svg","caption":"Degreed"},"image":{"@id":"https:\/\/degreed.com\/experience\/fr\/#\/schema\/logo\/image\/"},"sameAs":["https:\/\/www.facebook.com\/DegreedOfficial","https:\/\/x.com\/degreed","https:\/\/www.linkedin.com\/company\/degreed\/","https:\/\/www.youtube.com\/channel\/UCkH3pyPKVngvsZzZlmoH-Mw","https:\/\/www.instagram.com\/degreed\/"],"numberOfEmployees":{"@type":"QuantitativeValue","minValue":"201","maxValue":"500"}},{"@type":"Person","@id":"https:\/\/degreed.com\/experience\/fr\/#\/schema\/person\/551aab2e05b05acb0f015a87cb8d3425","name":"Christiana Torres","image":{"@type":"ImageObject","inLanguage":"fr-FR","@id":"https:\/\/explore.degreed.com\/wp-content\/uploads\/2025\/04\/degreed-blog-1.png","url":"https:\/\/explore.degreed.com\/wp-content\/uploads\/2025\/04\/degreed-blog-1.png","contentUrl":"https:\/\/explore.degreed.com\/wp-content\/uploads\/2025\/04\/degreed-blog-1.png","caption":"Christiana Torres"},"description":"Christiana Torres is the former content manager at Degreed."}]}},"publishpress_future_workflow_manual_trigger":{"enabledWorkflows":[]},"_links":{"self":[{"href":"https:\/\/explore.degreed.com\/experience\/fr\/wp-json\/wp\/v2\/posts\/63799","targetHints":{"allow":["GET"]}}],"collection":[{"href":"https:\/\/explore.degreed.com\/experience\/fr\/wp-json\/wp\/v2\/posts"}],"about":[{"href":"https:\/\/explore.degreed.com\/experience\/fr\/wp-json\/wp\/v2\/types\/post"}],"author":[{"embeddable":true,"href":"https:\/\/explore.degreed.com\/experience\/fr\/wp-json\/wp\/v2\/users\/42"}],"replies":[{"embeddable":true,"href":"https:\/\/explore.degreed.com\/experience\/fr\/wp-json\/wp\/v2\/comments?post=63799"}],"version-history":[{"count":0,"href":"https:\/\/explore.degreed.com\/experience\/fr\/wp-json\/wp\/v2\/posts\/63799\/revisions"}],"wp:featuredmedia":[{"embeddable":true,"href":"https:\/\/explore.degreed.com\/experience\/fr\/wp-json\/wp\/v2\/media\/63803"}],"wp:attachment":[{"href":"https:\/\/explore.degreed.com\/experience\/fr\/wp-json\/wp\/v2\/media?parent=63799"}],"wp:term":[{"taxonomy":"category","embeddable":true,"href":"https:\/\/explore.degreed.com\/experience\/fr\/wp-json\/wp\/v2\/categories?post=63799"},{"taxonomy":"post_tag","embeddable":true,"href":"https:\/\/explore.degreed.com\/experience\/fr\/wp-json\/wp\/v2\/tags?post=63799"},{"taxonomy":"post_folder","embeddable":true,"href":"https:\/\/explore.degreed.com\/experience\/fr\/wp-json\/wp\/v2\/post_folder?post=63799"}],"curies":[{"name":"wp","href":"https:\/\/api.w.org\/{rel}","templated":true}]}}