{"id":64173,"date":"2023-01-24T23:14:19","date_gmt":"2023-01-24T23:14:19","guid":{"rendered":"https:\/\/explore.local\/blog-archive\/comment-creer-une-culture-apprenante-positive-avec-la-formation-agile\/"},"modified":"2026-03-29T05:42:00","modified_gmt":"2026-03-29T05:42:00","slug":"comment-creer-une-culture-apprenante-positive-avec-la-formation-agile","status":"publish","type":"post","link":"https:\/\/degreed.com\/experience\/fr\/blog\/comment-creer-une-culture-apprenante-positive-avec-la-formation-agile\/","title":{"rendered":"Comment cr\u00e9er une culture apprenante positive avec la formation agile"},"content":{"rendered":"\n<p>Dans mon travail de Client&nbsp;Engagement&nbsp;Partner, les clients me font part des approches qu\u2019ils souhaitent concr\u00e9tiser&nbsp;:<\/p>\n\n\n\n<p>\u00ab&nbsp;Nous voulons favoriser un \u00e9tat d\u2019esprit ax\u00e9 sur le d\u00e9veloppement.&nbsp;\u00bb<\/p>\n\n\n\n<p>Et&#8230;<\/p>\n\n\n\n<p>\u00ab&nbsp;Nous souhaitons que les apprenants prennent la responsabilit\u00e9 de leur propre formation.&nbsp;\u00bb<\/p>\n\n\n\n<p>Ou encore&#8230;<\/p>\n\n\n\n<p>\u00ab\u00a0Nous voulons d\u00e9velopper les comp\u00e9tences essentielles \u00e0 l\u2019avenir de notre entreprise.\u00a0\u00bb La conclusion que j\u2019en retire, c\u2019est que tous cherchent \u00e0 accro\u00eetre et \u00e0 acc\u00e9l\u00e9rer<em><strong> l\u2019agilit\u00e9 en mati\u00e8re de formation<\/strong><\/em>.<\/p>\n\n\n\n<figure class=\"wp-block-image size-large\"><img decoding=\"async\" src=\"https:\/\/explore.degreed.com\/wp-content\/uploads\/2025\/04\/Q4InfographicLaunch-email_fr_FR_-sigstr_2x.png\" alt=\"\" class=\"wp-image-37265\"\/><\/figure>\n\n\n\n<h2 class=\"wp-block-heading\"><strong>L\u2019agilit\u00e9 en formation, qu&rsquo;est-ce que c&rsquo;est&nbsp;?<\/strong><\/h2>\n\n\n\n<p>En mati\u00e8re de formation, l\u2019agilit\u00e9 est la capacit\u00e9 \u00e0 apprendre, d\u00e9sapprendre et r\u00e9apprendre, et <a href=\"https:\/\/hbr.org\/2015\/06\/improve-your-ability-to-learn\" target=\"_blank\" rel=\"noreferrer noopener\">\u00e0 faire preuve de souplesse en la mati\u00e8re<\/a>. L\u2019agilit\u00e9 est un enjeu tr\u00e8s fort autant pour les individus que les \u00e9quipes et les cadres dans tous les services de l\u2019entreprise.<\/p>\n\n\n\n<p>Au sein d\u2019une entreprise, l\u2019agilit\u00e9 est une comp\u00e9tence cl\u00e9 pour instaurer une culture apprenante, celle-ci se constituant avec les nombreuses d\u00e9cisions prises par vos collaborateurs sur la dur\u00e9e. En y r\u00e9fl\u00e9chissant, votre culture d\u2019entreprise n\u2019a pas non plus \u00e9merg\u00e9 d\u2019un bloc lors de la fondation. Elle s\u2019est d\u00e9velopp\u00e9e au fil des ann\u00e9es et peut varier un peu d\u2019un site \u00e0 l\u2019autre ou d\u2019une unit\u00e9 \u00e0 l\u2019autre.<\/p>\n\n\n\n<p>Au risque d\u2019\u00e9noncer une banalit\u00e9, changer une culture et des mani\u00e8res de travailler prend du temps. Et m\u00eame en rempla\u00e7ant votre technologie de formation actuelle par la meilleure plateforme du march\u00e9, vous ne ferez qu\u2019un premier pas qui n\u2019apportera pas \u00e0 lui seul l\u2019\u00e9volution et le changement.<\/p>\n\n\n\n<h2 class=\"wp-block-heading\">Comment cr\u00e9er l\u2019agilit\u00e9 en formation<\/h2>\n\n\n\n<figure class=\"wp-block-image size-large\"><img decoding=\"async\" src=\"https:\/\/explore.degreed.com\/wp-content\/uploads\/2025\/04\/Screen1_fr-FR.png\" alt=\"\" class=\"wp-image-39754\"\/><\/figure>\n\n\n\n<p>Changer la culture, c\u2019est un peu comme escalader une montagne&nbsp;: il faut avancer un pas apr\u00e8s l\u2019autre. Si vous allez trop vite, vous risquez de tr\u00e9bucher.<\/p>\n\n\n\n<p>Alors, en quoi consiste le premier pas&nbsp;? Tout d\u2019abord, il faut installer votre \u00ab&nbsp;camp de base&nbsp;\u00bb, avec vos \u00e9quipes et vos outils. C\u2019est une \u00e9tape essentielle avant de s\u00e9lectionner des prestataires technologiques. Ensuite, impliquez vos collaborateurs, r\u00e9it\u00e9rez pour vous am\u00e9liorer et enfin, g\u00e9n\u00e9rez des r\u00e9sultats positifs pour l\u2019entreprise.<\/p>\n\n\n\n<p>Voyons cela plus en d\u00e9tail&nbsp;:<\/p>\n\n\n\n<h2 class=\"wp-block-heading\">Installer votre camp de base.<\/h2>\n\n\n\n<p>Il s\u2019agit de pr\u00e9parer votre projet.<\/p>\n\n\n\n<figure class=\"wp-block-image size-large\"><img decoding=\"async\" src=\"https:\/\/explore.degreed.com\/wp-content\/uploads\/2025\/04\/Screen2_fr-FR.png\" alt=\"\" class=\"wp-image-39755\"\/><\/figure>\n\n\n\n<p><strong>Parlez avec les dirigeants de votre entreprise&nbsp;: <\/strong>cette \u00e9tape est indispensable. Lisez les documents sur la strat\u00e9gie de l\u2019entreprise et ne consultez pas seulement vos coll\u00e8gues du L&D ou des ressources humaines. Posez des questions&nbsp;: quels sont les objectifs strat\u00e9giques de l\u2019entreprise dans son ensemble&nbsp;? Quelles sont les comp\u00e9tences dont les \u00e9quipes ont besoin pour atteindre ces objectifs&nbsp;? Dans quels domaines les collaborateurs \u00e9prouvent-ils des difficult\u00e9s&nbsp;?<\/p>\n\n\n\n<p><strong>Effectuez un audit de la formation centr\u00e9 sur vos collaborateurs&nbsp;: <\/strong>enqu\u00eatez sur leur fa\u00e7on d\u2019apprendre, la mani\u00e8re dont ils se procurent les informations n\u00e9cessaires pour leur travail et leurs hobbies, et les plateformes qu\u2019ils utilisent. Vos collaborateurs suivent-ils des cours formels en dehors du travail&nbsp;? Quels sont leurs blogs, influenceurs ou magazines pr\u00e9f\u00e9r\u00e9s&nbsp;? Quelles comp\u00e9tences consid\u00e8rent-ils comme essentielles pour atteindre leurs objectifs de carri\u00e8re&nbsp;?<\/p>\n\n\n\n<p>Vous obtiendrez beaucoup d\u2019informations. Faites le maximum pour les analyser et les structurer. \u00c9laborez le meilleur plan possible avec ces donn\u00e9es \u00e0 l\u2019esprit, mais n\u2019oubliez pas que le mieux est parfois l\u2019ennemi du bien.<\/p>\n\n\n\n<p><strong>Dressez la liste des comp\u00e9tences essentielles pour votre entreprise<\/strong> et faites-la valider par les responsables hi\u00e9rarchiques. Il ne s\u2019agit pas de recycler vos mod\u00e8les de comp\u00e9tences existants, mais plut\u00f4t de r\u00e9fl\u00e9chir aux comp\u00e9tences essentielles \u00e0 la strat\u00e9gie globale de votre entreprise. Ces donn\u00e9es constitueront la base de votre strat\u00e9gie de comp\u00e9tences.<\/p>\n\n\n\n<p><strong>Penchez-vous sur la technologie.<\/strong> Vous remarquerez que cela ne vient pas en premier&nbsp;! Votre technologie actuelle vous permet-elle d\u2019\u00eatre agile en mati\u00e8re de formation, ou avez-vous besoin de la faire \u00e9voluer&nbsp;?<\/p>\n\n\n\n<p><strong>Faites monter votre service de formation et votre service informatique en comp\u00e9tences. <\/strong>Nous le constatons souvent, les \u00e9quipes charg\u00e9es d\u2019instaurer une culture apprenante ont besoin de nouvelles comp\u00e9tences techniques et d\u2019un nouvel \u00e9tat d\u2019esprit. Il s\u2019agit d\u2019un grand changement qui prend du temps.<\/p>\n\n\n\n<p>Vos professionnels de la formation sont-ils \u00e0 l\u2019aise avec les m\u00e9thodes agiles&nbsp;? Votre organisation est-elle pr\u00eate \u00e0 lancer votre \u00e9cosyst\u00e8me technologique de formation \u00e0 partir d\u2019un produit minimum viable&nbsp;? Les concepteurs de vos formations ont-ils l\u2019habitude de les tester sur de v\u00e9ritables apprenants et en font-ils la promotion au sein de l\u2019entreprise&nbsp;? Votre \u00e9quipe conna\u00eet-elle un minimum vos strat\u00e9gies RH et commerciales&nbsp;? Ces domaines ont probablement besoin de monter en comp\u00e9tences.<\/p>\n\n\n\n<h2 class=\"wp-block-heading\">Impliquer.<\/h2>\n\n\n\n<p>Une fois que vous avez pr\u00e9par\u00e9 votre camp de base, il est temps de planifier votre ascension. Id\u00e9alement, vous aurez d\u00e9j\u00e0 esquiss\u00e9 votre strat\u00e9gie de comp\u00e9tences avant de vous engager avec un prestataire technologique. D\u2019ailleurs, ce sera la premi\u00e8re question que celui-ci vous posera. Lorsque l\u2019on est press\u00e9 de d\u00e9ployer une technologie, il peut \u00eatre d\u00e9routant de devoir s\u2019arr\u00eater pour formuler une strat\u00e9gie, mais vous pouvez compter sur Degreed pour vous y aider.<\/p>\n\n\n\n<p>Pour leur premier d\u00e9ploiement de Degreed, notre client\u00e8le choisit g\u00e9n\u00e9ralement parmi quatre strat\u00e9gies de comp\u00e9tences de base&nbsp;:<\/p>\n\n\n\n<ol class=\"wp-block-list\" type=\"1\"><li><strong>Comp\u00e9tences strat\u00e9giques&nbsp;:<\/strong> il s\u2019agit d\u2019un ensemble limit\u00e9 de comp\u00e9tences applicables \u00e0 la majorit\u00e9 de la population cibl\u00e9e lors du lancement, et essentielles \u00e0 la strat\u00e9gie commerciale.<\/li><li><strong>Comp\u00e9tences \u00ab&nbsp;Avenir du travail&nbsp;\u00bb&nbsp;:<\/strong> ce sont des comp\u00e9tences innovantes et populaires,&nbsp;<a href=\"https:\/\/www.weforum.org\/reports\/the-future-of-jobs-report-2020\" target=\"_blank\" rel=\"noreferrer noopener\">consid\u00e9r\u00e9es comme importantes pour toutes<\/a> les organisations.<\/li><li><strong>Accent sur une fonction&nbsp;:<\/strong> pour votre strat\u00e9gie, vous avez peut-\u00eatre besoin de faire monter en comp\u00e9tences votre \u00e9quipe commerciale ou vos principaux responsables. Choisissez les populations sur lesquelles concentrer votre premier lancement.<\/li><li><strong>Familles de postes&nbsp;: <\/strong>ne r\u00e9volutionnez pas tout votre mod\u00e8le de comp\u00e9tences lorsque vous d\u00e9ployez votre technologie de formation. Si l\u2019envergure est trop large, la curation de contenus deviendra compliqu\u00e9e. Faites simple et r\u00e9it\u00e9rez.<\/li><\/ol>\n\n\n\n<p>Quelle que soit votre strat\u00e9gie, vous pouvez la tester sur une population pilote, mais gardez-la aussi large que possible. La population pilote produira des donn\u00e9es utiles pour le lancement global.<\/p>\n\n\n\n<p>Apr\u00e8s le premier lancement, il est temps que votre entreprise et votre population d\u2019apprenants d\u00e9couvrent les possibilit\u00e9s qui s\u2019ouvrent \u00e0 eux. Les apprenants disent souvent qu\u2019ils n\u2019ont \u00ab\u00a0pas le temps\u00a0\u00bb de se former, qu\u2019ils ne savent pas quoi apprendre, ou bien ils <a href=\"https:\/\/get.degreed.com\/fr-fr\/how-the-workforce-learns-2021\" target=\"_blank\" rel=\"noreferrer noopener\">pensent que leur hi\u00e9rarchie ne les y encourage pas<\/a>. Les managers et les collaborateurs craignent que leurs \u00e9quipes leur reprochent de \u00ab\u00a0ne pas travailler\u00a0\u00bb s\u2019ils passent du temps \u00e0 se former.<\/p>\n\n\n\n<figure class=\"wp-block-image size-large\"><img decoding=\"async\" src=\"https:\/\/explore.degreed.com\/wp-content\/uploads\/2025\/04\/Screen3_fr-FR.png\" alt=\"\" class=\"wp-image-39756\"\/><\/figure>\n\n\n\n<p><em><sup>Source\u00a0: Degreed et Harvard\u00a0Business\u00a0Publishing, Les pratiques d\u2019apprentissage des employ\u00e9s, 2019<\/sup><\/em><\/p>\n\n\n\n<p><strong>D\u00e9samorcez ces arguments courants en suivant ces conseils avis\u00e9s&nbsp;:<\/strong><\/p>\n\n\n\n<ul class=\"wp-block-list\"><li><strong>Obtenez l\u2019adh\u00e9sion <\/strong>de la hi\u00e9rarchie pour d\u00e9dier une partie du temps \u00e0 la formation.<\/li><li><strong>Demandez \u00e0 la hi\u00e9rarchie de faire conna\u00eetre<\/strong> votre produit et de communiquer sur le caract\u00e8re essentiel et non \u00ab&nbsp;facultatif&nbsp;\u00bb de la formation.<\/li><li><strong>Demandez aux leaders de parler publiquement <\/strong>de ce qu\u2019ils ont appris r\u00e9cemment et de l\u2019impact de la formation sur eux.<\/li><li><strong>Cr\u00e9ez des communaut\u00e9s de mise en pratique <\/strong>accompagn\u00e9es par des experts reconnus.<\/li><li><strong>Envisagez de cr\u00e9er un \u00ab&nbsp;groupe d\u2019ambassadeurs&nbsp;\u00bb <\/strong>constitu\u00e9 d\u2019apprenants enthousiastes au sein de votre entreprise (mais ne venant pas du L&D&nbsp;!) pour faire la promotion de votre produit.<\/li><li><strong>Organisez des concours et distribuez des r\u00e9compenses <\/strong>pour encourager l\u2019\u00e9tat d\u2019esprit apprenant.<\/li><li><strong>V\u00e9rifiez que vous disposez d\u2019une feuille de route<\/strong> et d\u2019un calendrier marketing pour vos prochaines initiatives.<\/li><\/ul>\n\n\n\n<p>Dans le cadre de votre strat\u00e9gie de d\u00e9ploiement, pr\u00e9voyez des rapports et un plan de r\u00e9alisation de la valeur. Qu\u2019allez-vous mesurer pendant les trois&nbsp;\u00e0 six&nbsp;premiers mois&nbsp;? Et ensuite&nbsp;? Qu\u2019est-ce que votre entreprise cherche \u00e0 \u00e9valuer&nbsp;? (Indice&nbsp;: pas les heures pass\u00e9es \u00e0 consommer des contenus de formation.)<\/p>\n\n\n\n<h2 class=\"wp-block-heading\">R\u00e9it\u00e9rer.<\/h2>\n\n\n\n<p>M\u00eame si la pers\u00e9v\u00e9rance fait partie de votre philosophie, lorsque votre entreprise vous pousse \u00e0 d\u00e9ployer votre projet \u00e0 grande \u00e9chelle, votre r\u00e9solution risque de s\u2019effriter. Acceptez que votre travail ne soit jamais r\u00e9ellement termin\u00e9. Votre premier lancement n\u2019a pas besoin d\u2019\u00eatre parfait, il doit \u00eatre assez bon pour rassembler des donn\u00e9es en vue d\u2019ajustements.<\/p>\n\n\n\n<p>D\u2019apr\u00e8s les clients qui ont l\u2019exp\u00e9rience de Degreed, le tout premier conseil \u00e0 donner aux nouveaux clients est de \u00ab&nbsp;ne pas se mettre la pression en cherchant \u00e0 tout lancer d\u2019un coup&nbsp;\u00bb. Sinon, vous n\u2019aurez plus rien de nouveau pour susciter l\u2019int\u00e9r\u00eat des apprenants par la suite.<\/p>\n\n\n\n<p>D\u00e9veloppez des prototypes, testez-les sur un petit groupe de v\u00e9ritables apprenants, collectez leurs commentaires et proc\u00e9dez \u00e0 des ajustements. Vous allez y arriver&nbsp;!<\/p>\n\n\n\n<p>Pour savoir comment s\u2019y prennent de vrais leaders de la formation chez Cargill, <a rel=\"noreferrer noopener\" href=\"https:\/\/events.degreed.com\/VIEW_Learning_Culture\/agenda?utm_medium=ppc&utm_source=adwords&utm_campaign=NAMER%20Search%20Search%20CW\" target=\"_blank\">regardez notre masterclass \u00e0 la demande<\/a>.<\/p>\n\n\n\n<h2 class=\"wp-block-heading\">G\u00e9n\u00e9rer des r\u00e9sultats pour l\u2019entreprise.<\/h2>\n\n\n\n<p>Vous vous demandez peut-\u00eatre \u00e0 quoi ressemble la vue lorsqu\u2019on atteint le sommet&nbsp;? La r\u00e9ponse est simple&nbsp;: c\u2019est l\u2019activit\u00e9 de l\u2019entreprise qui pilote la formation. Cette simple affirmation implique bien des changements d\u2019attitudes au quotidien de la part des collaborateurs, des \u00e9quipes et de la hi\u00e9rarchie, ainsi qu\u2018un minimum de structure.<\/p>\n\n\n\n<p>Les clients qui ont atteint le sommet finissent par doter leurs responsables L&D des outils n\u00e9cessaires pour devenir des <em>facilitateurs<\/em> de la formation, et non plus de simples ex\u00e9cutants. Prenons pour exemple de r\u00e9ussite ce client de Degreed et son programme d\u2019ambassadeurs&nbsp;: des repr\u00e9sentants issus de toute son entreprise sont certifi\u00e9s dans l\u2019utilisation de Degreed et ils ma\u00eetrisent les bonnes pratiques de base pour concevoir des formations. Les ambassadeurs aident les dirigeants \u00e0 dispenser rapidement de la valeur de formation en ciblant les comp\u00e9tences essentielles \u00e0 l\u2019entreprise.<\/p>\n\n\n\n<p>Dans le m\u00eame temps, le service&nbsp;L&D coache les ambassadeurs pour les aider \u00e0 formuler des objectifs de formation et des crit\u00e8res de r\u00e9ussite, \u00e0 s\u00e9lectionner (et pas seulement d\u00e9velopper) du contenu de qualit\u00e9 et \u00e0 mesurer les r\u00e9sultats. Cette approche \u00ab&nbsp;d\u2019experts en curation&nbsp;\u00bb rapproche la formation des sp\u00e9cialistes du sujet dans l&rsquo;entreprise. Elle permet de mettre en place des formations de qualit\u00e9 dans des domaines critiques pour l\u2019entreprise bien plus rapidement qu\u2019avec des cours SCORM ou en classe.<\/p>\n\n\n\n<h2 class=\"wp-block-heading\">Conclusion<\/h2>\n\n\n\n<p>Chez Degreed, nous avons aid\u00e9 des centaines de clients \u00e0 devenir agiles avec leurs formations. Nous serions ravis de vous accompagner aussi. Prenons contact, parlons de vos besoins et partons \u00e0 la conqu\u00eate du sommet ensemble, d\u00e8s que vous y \u00eates pr\u00eat.<\/p>\n","protected":false},"excerpt":{"rendered":"<p>Dans mon travail de Client&nbsp;Engagement&nbsp;Partner, les clients me font part des approches qu\u2019ils souhaitent concr\u00e9tiser&nbsp;: \u00ab&nbsp;Nous voulons favoriser un \u00e9tat d\u2019esprit ax\u00e9 sur le d\u00e9veloppement.&nbsp;\u00bb Et&#8230; \u00ab&nbsp;Nous souhaitons que les apprenants prennent la responsabilit\u00e9 de leur propre formation.&nbsp;\u00bb Ou encore&#8230; \u00ab\u00a0Nous voulons d\u00e9velopper les comp\u00e9tences essentielles \u00e0 l\u2019avenir de notre entreprise.\u00a0\u00bb La conclusion que j\u2019en [&hellip;]<\/p>\n","protected":false},"author":86,"featured_media":61916,"comment_status":"open","ping_status":"open","sticky":false,"template":"","format":"standard","meta":{"_acf_changed":false,"inline_featured_image":false,"footnotes":""},"categories":[],"tags":[535],"post_folder":[],"class_list":["post-64173","post","type-post","status-publish","format-standard","has-post-thumbnail","hentry","tag-degreed-france"],"acf":[],"yoast_head":"<!-- This site is optimized with the Yoast SEO Premium plugin v27.4 (Yoast SEO v27.4) - https:\/\/yoast.com\/product\/yoast-seo-premium-wordpress\/ -->\n<title>Comment cr\u00e9er une culture apprenante positive avec la formation agile - Degreed<\/title>\n<meta name=\"robots\" content=\"index, follow, max-snippet:-1, max-image-preview:large, max-video-preview:-1\" \/>\n<link rel=\"canonical\" href=\"https:\/\/degreed.com\/experience\/fr\/blog\/comment-creer-une-culture-apprenante-positive-avec-la-formation-agile\/\" \/>\n<meta property=\"og:locale\" content=\"fr_FR\" \/>\n<meta property=\"og:type\" content=\"article\" \/>\n<meta property=\"og:title\" content=\"Comment cr\u00e9er une culture apprenante positive avec la formation agile\" \/>\n<meta property=\"og:description\" content=\"Dans mon travail de Client&nbsp;Engagement&nbsp;Partner, les clients me font part des approches qu\u2019ils souhaitent concr\u00e9tiser&nbsp;: \u00ab&nbsp;Nous voulons favoriser un \u00e9tat d\u2019esprit ax\u00e9 sur le d\u00e9veloppement.&nbsp;\u00bb Et&#8230; \u00ab&nbsp;Nous souhaitons que les apprenants prennent la responsabilit\u00e9 de leur propre formation.&nbsp;\u00bb Ou encore&#8230; \u00ab\u00a0Nous voulons d\u00e9velopper les comp\u00e9tences essentielles \u00e0 l\u2019avenir de notre entreprise.\u00a0\u00bb La conclusion que j\u2019en [&hellip;]\" \/>\n<meta property=\"og:url\" content=\"https:\/\/degreed.com\/experience\/fr\/blog\/comment-creer-une-culture-apprenante-positive-avec-la-formation-agile\/\" \/>\n<meta property=\"og:site_name\" content=\"Degreed\" \/>\n<meta property=\"article:publisher\" content=\"https:\/\/www.facebook.com\/DegreedOfficial\" \/>\n<meta property=\"article:published_time\" content=\"2023-01-24T23:14:19+00:00\" \/>\n<meta property=\"article:modified_time\" content=\"2026-03-29T05:42:00+00:00\" \/>\n<meta property=\"og:image\" content=\"https:\/\/explore.degreed.com\/wp-content\/uploads\/2025\/04\/12_20-Learning-Agility_Blog-Header-1200x1200-no-copy.png\" \/>\n\t<meta property=\"og:image:width\" content=\"1200\" \/>\n\t<meta property=\"og:image:height\" content=\"1200\" \/>\n\t<meta property=\"og:image:type\" content=\"image\/png\" \/>\n<meta name=\"author\" content=\"Kristin Hull\" \/>\n<meta name=\"twitter:card\" content=\"summary_large_image\" \/>\n<meta name=\"twitter:creator\" content=\"@degreed\" \/>\n<meta name=\"twitter:site\" content=\"@degreed\" \/>\n<meta name=\"twitter:label1\" content=\"\u00c9crit par\" \/>\n\t<meta name=\"twitter:data1\" content=\"Kristin Hull\" \/>\n\t<meta name=\"twitter:label2\" content=\"Dur\u00e9e de lecture estim\u00e9e\" \/>\n\t<meta name=\"twitter:data2\" content=\"9 minutes\" \/>\n<script type=\"application\/ld+json\" class=\"yoast-schema-graph\">{\"@context\":\"https:\\\/\\\/schema.org\",\"@graph\":[{\"@type\":\"Article\",\"@id\":\"https:\\\/\\\/degreed.com\\\/experience\\\/fr\\\/blog\\\/comment-creer-une-culture-apprenante-positive-avec-la-formation-agile\\\/#article\",\"isPartOf\":{\"@id\":\"https:\\\/\\\/degreed.com\\\/experience\\\/fr\\\/blog\\\/comment-creer-une-culture-apprenante-positive-avec-la-formation-agile\\\/\"},\"author\":{\"name\":\"Kristin Hull\",\"@id\":\"https:\\\/\\\/degreed.com\\\/experience\\\/fr\\\/#\\\/schema\\\/person\\\/ff4b9ae37f88048117d00663142cf399\"},\"headline\":\"Comment cr\u00e9er une culture apprenante positive avec la formation agile\",\"datePublished\":\"2023-01-24T23:14:19+00:00\",\"dateModified\":\"2026-03-29T05:42:00+00:00\",\"mainEntityOfPage\":{\"@id\":\"https:\\\/\\\/degreed.com\\\/experience\\\/fr\\\/blog\\\/comment-creer-une-culture-apprenante-positive-avec-la-formation-agile\\\/\"},\"wordCount\":1910,\"commentCount\":0,\"publisher\":{\"@id\":\"https:\\\/\\\/degreed.com\\\/experience\\\/fr\\\/#organization\"},\"image\":{\"@id\":\"https:\\\/\\\/degreed.com\\\/experience\\\/fr\\\/blog\\\/comment-creer-une-culture-apprenante-positive-avec-la-formation-agile\\\/#primaryimage\"},\"thumbnailUrl\":\"https:\\\/\\\/explore.degreed.com\\\/wp-content\\\/uploads\\\/2025\\\/04\\\/12_20-Learning-Agility_Blog-Header-1200x1200-no-copy.png\",\"keywords\":[\"Degreed France\"],\"inLanguage\":\"fr-FR\",\"potentialAction\":[{\"@type\":\"CommentAction\",\"name\":\"Comment\",\"target\":[\"https:\\\/\\\/degreed.com\\\/experience\\\/fr\\\/blog\\\/comment-creer-une-culture-apprenante-positive-avec-la-formation-agile\\\/#respond\"]}]},{\"@type\":\"WebPage\",\"@id\":\"https:\\\/\\\/degreed.com\\\/experience\\\/fr\\\/blog\\\/comment-creer-une-culture-apprenante-positive-avec-la-formation-agile\\\/\",\"url\":\"https:\\\/\\\/degreed.com\\\/experience\\\/fr\\\/blog\\\/comment-creer-une-culture-apprenante-positive-avec-la-formation-agile\\\/\",\"name\":\"Comment cr\u00e9er une culture apprenante positive avec la formation agile - Degreed\",\"isPartOf\":{\"@id\":\"https:\\\/\\\/degreed.com\\\/experience\\\/fr\\\/#website\"},\"primaryImageOfPage\":{\"@id\":\"https:\\\/\\\/degreed.com\\\/experience\\\/fr\\\/blog\\\/comment-creer-une-culture-apprenante-positive-avec-la-formation-agile\\\/#primaryimage\"},\"image\":{\"@id\":\"https:\\\/\\\/degreed.com\\\/experience\\\/fr\\\/blog\\\/comment-creer-une-culture-apprenante-positive-avec-la-formation-agile\\\/#primaryimage\"},\"thumbnailUrl\":\"https:\\\/\\\/explore.degreed.com\\\/wp-content\\\/uploads\\\/2025\\\/04\\\/12_20-Learning-Agility_Blog-Header-1200x1200-no-copy.png\",\"datePublished\":\"2023-01-24T23:14:19+00:00\",\"dateModified\":\"2026-03-29T05:42:00+00:00\",\"breadcrumb\":{\"@id\":\"https:\\\/\\\/degreed.com\\\/experience\\\/fr\\\/blog\\\/comment-creer-une-culture-apprenante-positive-avec-la-formation-agile\\\/#breadcrumb\"},\"inLanguage\":\"fr-FR\",\"potentialAction\":[{\"@type\":\"ReadAction\",\"target\":[\"https:\\\/\\\/degreed.com\\\/experience\\\/fr\\\/blog\\\/comment-creer-une-culture-apprenante-positive-avec-la-formation-agile\\\/\"]}]},{\"@type\":\"ImageObject\",\"inLanguage\":\"fr-FR\",\"@id\":\"https:\\\/\\\/degreed.com\\\/experience\\\/fr\\\/blog\\\/comment-creer-une-culture-apprenante-positive-avec-la-formation-agile\\\/#primaryimage\",\"url\":\"https:\\\/\\\/explore.degreed.com\\\/wp-content\\\/uploads\\\/2025\\\/04\\\/12_20-Learning-Agility_Blog-Header-1200x1200-no-copy.png\",\"contentUrl\":\"https:\\\/\\\/explore.degreed.com\\\/wp-content\\\/uploads\\\/2025\\\/04\\\/12_20-Learning-Agility_Blog-Header-1200x1200-no-copy.png\",\"width\":1200,\"height\":1200},{\"@type\":\"BreadcrumbList\",\"@id\":\"https:\\\/\\\/degreed.com\\\/experience\\\/fr\\\/blog\\\/comment-creer-une-culture-apprenante-positive-avec-la-formation-agile\\\/#breadcrumb\",\"itemListElement\":[{\"@type\":\"ListItem\",\"position\":1,\"name\":\"Home\",\"item\":\"https:\\\/\\\/degreed.com\\\/experience\\\/fr\\\/\"},{\"@type\":\"ListItem\",\"position\":2,\"name\":\"Comment cr\u00e9er une culture apprenante positive avec la formation agile\"}]},{\"@type\":\"WebSite\",\"@id\":\"https:\\\/\\\/degreed.com\\\/experience\\\/fr\\\/#website\",\"url\":\"https:\\\/\\\/degreed.com\\\/experience\\\/fr\\\/\",\"name\":\"Degreed\",\"description\":\"The Learning and Upskilling Platform\",\"publisher\":{\"@id\":\"https:\\\/\\\/degreed.com\\\/experience\\\/fr\\\/#organization\"},\"potentialAction\":[{\"@type\":\"SearchAction\",\"target\":{\"@type\":\"EntryPoint\",\"urlTemplate\":\"https:\\\/\\\/degreed.com\\\/experience\\\/fr\\\/?s={search_term_string}\"},\"query-input\":{\"@type\":\"PropertyValueSpecification\",\"valueRequired\":true,\"valueName\":\"search_term_string\"}}],\"inLanguage\":\"fr-FR\"},{\"@type\":\"Organization\",\"@id\":\"https:\\\/\\\/degreed.com\\\/experience\\\/fr\\\/#organization\",\"name\":\"Degreed\",\"url\":\"https:\\\/\\\/degreed.com\\\/experience\\\/fr\\\/\",\"logo\":{\"@type\":\"ImageObject\",\"inLanguage\":\"fr-FR\",\"@id\":\"https:\\\/\\\/degreed.com\\\/experience\\\/fr\\\/#\\\/schema\\\/logo\\\/image\\\/\",\"url\":\"https:\\\/\\\/explore.degreed.com\\\/wp-content\\\/uploads\\\/2023\\\/05\\\/logo.svg\",\"contentUrl\":\"https:\\\/\\\/explore.degreed.com\\\/wp-content\\\/uploads\\\/2023\\\/05\\\/logo.svg\",\"caption\":\"Degreed\"},\"image\":{\"@id\":\"https:\\\/\\\/degreed.com\\\/experience\\\/fr\\\/#\\\/schema\\\/logo\\\/image\\\/\"},\"sameAs\":[\"https:\\\/\\\/www.facebook.com\\\/DegreedOfficial\",\"https:\\\/\\\/x.com\\\/degreed\",\"https:\\\/\\\/www.linkedin.com\\\/company\\\/degreed\\\/\",\"https:\\\/\\\/www.youtube.com\\\/channel\\\/UCkH3pyPKVngvsZzZlmoH-Mw\",\"https:\\\/\\\/www.instagram.com\\\/degreed\\\/\"],\"numberOfEmployees\":{\"@type\":\"QuantitativeValue\",\"minValue\":\"201\",\"maxValue\":\"500\"}},{\"@type\":\"Person\",\"@id\":\"https:\\\/\\\/degreed.com\\\/experience\\\/fr\\\/#\\\/schema\\\/person\\\/ff4b9ae37f88048117d00663142cf399\",\"name\":\"Kristin Hull\",\"image\":{\"@type\":\"ImageObject\",\"inLanguage\":\"fr-FR\",\"@id\":\"https:\\\/\\\/explore.degreed.com\\\/wp-content\\\/uploads\\\/2025\\\/04\\\/avatar1671557836-96x96.png\",\"url\":\"https:\\\/\\\/explore.degreed.com\\\/wp-content\\\/uploads\\\/2025\\\/04\\\/avatar1671557836-96x96.png\",\"contentUrl\":\"https:\\\/\\\/explore.degreed.com\\\/wp-content\\\/uploads\\\/2025\\\/04\\\/avatar1671557836-96x96.png\",\"caption\":\"Kristin Hull\"}}]}<\/script>\n<!-- \/ Yoast SEO Premium plugin. -->","yoast_head_json":{"title":"Comment cr\u00e9er une culture apprenante positive avec la formation agile - Degreed","robots":{"index":"index","follow":"follow","max-snippet":"max-snippet:-1","max-image-preview":"max-image-preview:large","max-video-preview":"max-video-preview:-1"},"canonical":"https:\/\/degreed.com\/experience\/fr\/blog\/comment-creer-une-culture-apprenante-positive-avec-la-formation-agile\/","og_locale":"fr_FR","og_type":"article","og_title":"Comment cr\u00e9er une culture apprenante positive avec la formation agile","og_description":"Dans mon travail de Client&nbsp;Engagement&nbsp;Partner, les clients me font part des approches qu\u2019ils souhaitent concr\u00e9tiser&nbsp;: \u00ab&nbsp;Nous voulons favoriser un \u00e9tat d\u2019esprit ax\u00e9 sur le d\u00e9veloppement.&nbsp;\u00bb Et&#8230; \u00ab&nbsp;Nous souhaitons que les apprenants prennent la responsabilit\u00e9 de leur propre formation.&nbsp;\u00bb Ou encore&#8230; \u00ab\u00a0Nous voulons d\u00e9velopper les comp\u00e9tences essentielles \u00e0 l\u2019avenir de notre entreprise.\u00a0\u00bb La conclusion que j\u2019en [&hellip;]","og_url":"https:\/\/degreed.com\/experience\/fr\/blog\/comment-creer-une-culture-apprenante-positive-avec-la-formation-agile\/","og_site_name":"Degreed","article_publisher":"https:\/\/www.facebook.com\/DegreedOfficial","article_published_time":"2023-01-24T23:14:19+00:00","article_modified_time":"2026-03-29T05:42:00+00:00","og_image":[{"width":1200,"height":1200,"url":"https:\/\/explore.degreed.com\/wp-content\/uploads\/2025\/04\/12_20-Learning-Agility_Blog-Header-1200x1200-no-copy.png","type":"image\/png"}],"author":"Kristin Hull","twitter_card":"summary_large_image","twitter_creator":"@degreed","twitter_site":"@degreed","twitter_misc":{"\u00c9crit par":"Kristin Hull","Dur\u00e9e de lecture estim\u00e9e":"9 minutes"},"schema":{"@context":"https:\/\/schema.org","@graph":[{"@type":"Article","@id":"https:\/\/degreed.com\/experience\/fr\/blog\/comment-creer-une-culture-apprenante-positive-avec-la-formation-agile\/#article","isPartOf":{"@id":"https:\/\/degreed.com\/experience\/fr\/blog\/comment-creer-une-culture-apprenante-positive-avec-la-formation-agile\/"},"author":{"name":"Kristin Hull","@id":"https:\/\/degreed.com\/experience\/fr\/#\/schema\/person\/ff4b9ae37f88048117d00663142cf399"},"headline":"Comment cr\u00e9er une culture apprenante positive avec la formation agile","datePublished":"2023-01-24T23:14:19+00:00","dateModified":"2026-03-29T05:42:00+00:00","mainEntityOfPage":{"@id":"https:\/\/degreed.com\/experience\/fr\/blog\/comment-creer-une-culture-apprenante-positive-avec-la-formation-agile\/"},"wordCount":1910,"commentCount":0,"publisher":{"@id":"https:\/\/degreed.com\/experience\/fr\/#organization"},"image":{"@id":"https:\/\/degreed.com\/experience\/fr\/blog\/comment-creer-une-culture-apprenante-positive-avec-la-formation-agile\/#primaryimage"},"thumbnailUrl":"https:\/\/explore.degreed.com\/wp-content\/uploads\/2025\/04\/12_20-Learning-Agility_Blog-Header-1200x1200-no-copy.png","keywords":["Degreed France"],"inLanguage":"fr-FR","potentialAction":[{"@type":"CommentAction","name":"Comment","target":["https:\/\/degreed.com\/experience\/fr\/blog\/comment-creer-une-culture-apprenante-positive-avec-la-formation-agile\/#respond"]}]},{"@type":"WebPage","@id":"https:\/\/degreed.com\/experience\/fr\/blog\/comment-creer-une-culture-apprenante-positive-avec-la-formation-agile\/","url":"https:\/\/degreed.com\/experience\/fr\/blog\/comment-creer-une-culture-apprenante-positive-avec-la-formation-agile\/","name":"Comment cr\u00e9er une culture apprenante positive avec la formation agile - Degreed","isPartOf":{"@id":"https:\/\/degreed.com\/experience\/fr\/#website"},"primaryImageOfPage":{"@id":"https:\/\/degreed.com\/experience\/fr\/blog\/comment-creer-une-culture-apprenante-positive-avec-la-formation-agile\/#primaryimage"},"image":{"@id":"https:\/\/degreed.com\/experience\/fr\/blog\/comment-creer-une-culture-apprenante-positive-avec-la-formation-agile\/#primaryimage"},"thumbnailUrl":"https:\/\/explore.degreed.com\/wp-content\/uploads\/2025\/04\/12_20-Learning-Agility_Blog-Header-1200x1200-no-copy.png","datePublished":"2023-01-24T23:14:19+00:00","dateModified":"2026-03-29T05:42:00+00:00","breadcrumb":{"@id":"https:\/\/degreed.com\/experience\/fr\/blog\/comment-creer-une-culture-apprenante-positive-avec-la-formation-agile\/#breadcrumb"},"inLanguage":"fr-FR","potentialAction":[{"@type":"ReadAction","target":["https:\/\/degreed.com\/experience\/fr\/blog\/comment-creer-une-culture-apprenante-positive-avec-la-formation-agile\/"]}]},{"@type":"ImageObject","inLanguage":"fr-FR","@id":"https:\/\/degreed.com\/experience\/fr\/blog\/comment-creer-une-culture-apprenante-positive-avec-la-formation-agile\/#primaryimage","url":"https:\/\/explore.degreed.com\/wp-content\/uploads\/2025\/04\/12_20-Learning-Agility_Blog-Header-1200x1200-no-copy.png","contentUrl":"https:\/\/explore.degreed.com\/wp-content\/uploads\/2025\/04\/12_20-Learning-Agility_Blog-Header-1200x1200-no-copy.png","width":1200,"height":1200},{"@type":"BreadcrumbList","@id":"https:\/\/degreed.com\/experience\/fr\/blog\/comment-creer-une-culture-apprenante-positive-avec-la-formation-agile\/#breadcrumb","itemListElement":[{"@type":"ListItem","position":1,"name":"Home","item":"https:\/\/degreed.com\/experience\/fr\/"},{"@type":"ListItem","position":2,"name":"Comment cr\u00e9er une culture apprenante positive avec la formation agile"}]},{"@type":"WebSite","@id":"https:\/\/degreed.com\/experience\/fr\/#website","url":"https:\/\/degreed.com\/experience\/fr\/","name":"Degreed","description":"The Learning and Upskilling Platform","publisher":{"@id":"https:\/\/degreed.com\/experience\/fr\/#organization"},"potentialAction":[{"@type":"SearchAction","target":{"@type":"EntryPoint","urlTemplate":"https:\/\/degreed.com\/experience\/fr\/?s={search_term_string}"},"query-input":{"@type":"PropertyValueSpecification","valueRequired":true,"valueName":"search_term_string"}}],"inLanguage":"fr-FR"},{"@type":"Organization","@id":"https:\/\/degreed.com\/experience\/fr\/#organization","name":"Degreed","url":"https:\/\/degreed.com\/experience\/fr\/","logo":{"@type":"ImageObject","inLanguage":"fr-FR","@id":"https:\/\/degreed.com\/experience\/fr\/#\/schema\/logo\/image\/","url":"https:\/\/explore.degreed.com\/wp-content\/uploads\/2023\/05\/logo.svg","contentUrl":"https:\/\/explore.degreed.com\/wp-content\/uploads\/2023\/05\/logo.svg","caption":"Degreed"},"image":{"@id":"https:\/\/degreed.com\/experience\/fr\/#\/schema\/logo\/image\/"},"sameAs":["https:\/\/www.facebook.com\/DegreedOfficial","https:\/\/x.com\/degreed","https:\/\/www.linkedin.com\/company\/degreed\/","https:\/\/www.youtube.com\/channel\/UCkH3pyPKVngvsZzZlmoH-Mw","https:\/\/www.instagram.com\/degreed\/"],"numberOfEmployees":{"@type":"QuantitativeValue","minValue":"201","maxValue":"500"}},{"@type":"Person","@id":"https:\/\/degreed.com\/experience\/fr\/#\/schema\/person\/ff4b9ae37f88048117d00663142cf399","name":"Kristin Hull","image":{"@type":"ImageObject","inLanguage":"fr-FR","@id":"https:\/\/explore.degreed.com\/wp-content\/uploads\/2025\/04\/avatar1671557836-96x96.png","url":"https:\/\/explore.degreed.com\/wp-content\/uploads\/2025\/04\/avatar1671557836-96x96.png","contentUrl":"https:\/\/explore.degreed.com\/wp-content\/uploads\/2025\/04\/avatar1671557836-96x96.png","caption":"Kristin Hull"}}]}},"publishpress_future_workflow_manual_trigger":{"enabledWorkflows":[]},"_links":{"self":[{"href":"https:\/\/explore.degreed.com\/experience\/fr\/wp-json\/wp\/v2\/posts\/64173","targetHints":{"allow":["GET"]}}],"collection":[{"href":"https:\/\/explore.degreed.com\/experience\/fr\/wp-json\/wp\/v2\/posts"}],"about":[{"href":"https:\/\/explore.degreed.com\/experience\/fr\/wp-json\/wp\/v2\/types\/post"}],"author":[{"embeddable":true,"href":"https:\/\/explore.degreed.com\/experience\/fr\/wp-json\/wp\/v2\/users\/86"}],"replies":[{"embeddable":true,"href":"https:\/\/explore.degreed.com\/experience\/fr\/wp-json\/wp\/v2\/comments?post=64173"}],"version-history":[{"count":0,"href":"https:\/\/explore.degreed.com\/experience\/fr\/wp-json\/wp\/v2\/posts\/64173\/revisions"}],"wp:featuredmedia":[{"embeddable":true,"href":"https:\/\/explore.degreed.com\/experience\/fr\/wp-json\/wp\/v2\/media\/61916"}],"wp:attachment":[{"href":"https:\/\/explore.degreed.com\/experience\/fr\/wp-json\/wp\/v2\/media?parent=64173"}],"wp:term":[{"taxonomy":"category","embeddable":true,"href":"https:\/\/explore.degreed.com\/experience\/fr\/wp-json\/wp\/v2\/categories?post=64173"},{"taxonomy":"post_tag","embeddable":true,"href":"https:\/\/explore.degreed.com\/experience\/fr\/wp-json\/wp\/v2\/tags?post=64173"},{"taxonomy":"post_folder","embeddable":true,"href":"https:\/\/explore.degreed.com\/experience\/fr\/wp-json\/wp\/v2\/post_folder?post=64173"}],"curies":[{"name":"wp","href":"https:\/\/api.w.org\/{rel}","templated":true}]}}