{"id":64232,"date":"2023-01-11T18:25:30","date_gmt":"2023-01-11T18:25:30","guid":{"rendered":"https:\/\/explore.local\/blog-archive\/assurez-votre-survie-professionnelle-en-misant-sur-lagilite-et-la-resilience\/"},"modified":"2026-03-28T09:28:51","modified_gmt":"2026-03-28T09:28:51","slug":"assurez-votre-survie-professionnelle-en-misant-sur-lagilite-et-la-resilience","status":"publish","type":"post","link":"https:\/\/degreed.com\/experience\/fr\/blog\/assurez-votre-survie-professionnelle-en-misant-sur-lagilite-et-la-resilience\/","title":{"rendered":"Assurez votre survie professionnelle en misant sur l\u2019agilit\u00e9 et la r\u00e9silience"},"content":{"rendered":"\n<p><em>Faire plus avec moins<\/em>. Lorsque ces mots r\u00e9sonnent partout dans l\u2019entreprise et que le spectre d\u2019une r\u00e9cession accentue le risque de coupes budg\u00e9taires et de licenciements, vous vous demandez si votre programme de L&D est menac\u00e9, ou pire encore, s\u2019il est vou\u00e9 \u00e0 dispara\u00eetre.<\/p>\n\n\n\n<p>Lorsque la survie de vos projets et de votre propre emploi est en jeu, \u00eatre capable de r\u00e9agir et de s\u2019adapter rapidement est essentiel.<\/p>\n\n\n\n<p>Vous devez prouver que le L&D est indispensable \u00e0 votre entreprise, et cela ne peut se faire qu\u2019avec une bonne pr\u00e9paration.&nbsp;&nbsp;<\/p>\n\n\n\n<p>Francesco\u00a0Mantovani, directeur international des technologies learning et de l\u2019innovation chez Procter & Gamble, a r\u00e9cemment expliqu\u00e9 au <a href=\"https:\/\/www.hrexchangenetwork.com\/learning\/interviews\/how-can-learning-and-development-survive-recession\" target=\"_blank\" rel=\"noreferrer noopener\">HR Exchange Network<\/a> que \u00ab\u00a0la formation est l\u2019un des premiers domaines cibl\u00e9s par les dirigeants qui doivent r\u00e9aliser des \u00e9conomies [en p\u00e9riode de r\u00e9cession]. C\u2019est une solution de facilit\u00e9. La plupart pensent que si les collaborateurs arr\u00eatent de se former pendant six\u00a0mois, cela n\u2019aura aucun impact sur l\u2019entreprise\u00a0\u00bb.<\/p>\n\n\n\n<p>Mais ils se trompent lourdement. \u00c0 la vitesse \u00e0 laquelle les avanc\u00e9es technologiques se succ\u00e8dent, votre organisation ne peut pas se permettre d\u2019attendre la reprise \u00e9conomique pour poursuivre la mont\u00e9e en comp\u00e9tences et la reconversion de ses collaborateurs. Pour assurer la comp\u00e9titivit\u00e9 et le succ\u00e8s de votre entreprise, vous devez permettre \u00e0 vos \u00e9quipes de continuer \u00e0 se former.<\/p>\n\n\n\n<p>La r\u00e9duction des d\u00e9penses de L&D n\u2019aura certes pas d\u2019impact sur les comp\u00e9tences et le savoir-faire actuels de vos effectifs, mais elle les privera d\u2019opportunit\u00e9s de formation. Leur estime de soi en sera <em>\u00e0 coup s\u00fbr<\/em> affect\u00e9e, et cela pourra faire baisser leurs performances, ajoute Francesco\u00a0Mantovani.<\/p>\n\n\n\n<figure class=\"wp-block-image size-full\"><img decoding=\"async\" src=\"https:\/\/explore.degreed.com\/wp-content\/uploads\/2025\/04\/Blog-CTA-12.png\" alt=\"\" class=\"wp-image-39928\"\/><\/figure>\n\n\n\n<h2 class=\"wp-block-heading\"><strong>Restreindre les budgets du L&D, c\u2019est faire preuve d\u2019un manque de vision \u00e0 long terme.<\/strong><\/h2>\n\n\n\n<p>Emp\u00eacher des collaborateurs d\u00e9j\u00e0 d\u00e9moralis\u00e9s par les licenciements d\u2019acc\u00e9der \u00e0 la formation est suffisamment regrettable en soi. La r\u00e9duction ou la suppression d\u2019opportunit\u00e9s de formation personnalis\u00e9es n\u2019en serait que plus d\u00e9courageante.<\/p>\n\n\n\n<p>Une diminution des performances peut entra\u00eener d\u2019<a href=\"https:\/\/www.chieflearningofficer.com\/2021\/02\/02\/what-would-happen-if-we-eliminated-the-formal-ld-department\/\" target=\"_blank\" rel=\"noreferrer noopener\">autres complications<\/a>, comme une baisse de la productivit\u00e9 et de la qualit\u00e9, une augmentation des d\u00e9parts, une perte de clients, un manque d\u2019innovation ou encore un fl\u00e9chissement de la croissance.<\/p>\n\n\n\n<p>En d\u2019autres termes, \u00ab\u00a0si votre entreprise n\u2019a pas d\u2019avenir, alors vous avez probablement raison de vouloir vous passer de votre service L&D. Dans le cas contraire, vous en avez besoin\u00a0\u00bb, estiment des\u00a0<a rel=\"noreferrer noopener\" href=\"https:\/\/www.chieflearningofficer.com\/2021\/02\/02\/what-would-happen-if-we-eliminated-the-formal-ld-department\/\" target=\"_blank\">analystes du ROI Institute<\/a>. Selon <a href=\"http:\/\/static.cegos.com\/wp-content\/uploads\/2012\/03\/Cegos-What-has-LD-learned-from-the-economic-slowdown-21.4.11.pdf\" target=\"_blank\" rel=\"noreferrer noopener\">un rapport du groupe Cegos<\/a>, \u00e0 la suite de la crise financi\u00e8re de 2008, KFC a \u00ab\u00a0surmont\u00e9 la r\u00e9cession gr\u00e2ce \u00e0 un plan d\u2019investissement de 150\u00a0millions de livres sterling pr\u00e9voyant la cr\u00e9ation de 300\u00a0nouveaux points de vente au Royaume-Uni avant 2014 (une annonce faite au plus fort de la r\u00e9cession en 2009). Cela s\u2019est \u00e9galement traduit par davantage d\u2019opportunit\u00e9s offertes aux collaborateurs gr\u00e2ce aux gammes de produits non frits et cuits au four. L\u2019engagement \u00e0 investir et \u00e0 se d\u00e9velopper dans une p\u00e9riode difficile a envoy\u00e9 un signal fort aux collaborateurs concernant les opportunit\u00e9s cr\u00e9\u00e9es par l\u2019entreprise. Le r\u00e9sultat\u00a0? Un engagement accru des collaborateurs.\u00a0\u00bb<\/p>\n\n\n\n<h2 class=\"wp-block-heading\">Vous devez \u00e0 tout prix retenir vos talents.<\/h2>\n\n\n\n<p>Comme l\u2019explique la consultante\u00a0<a href=\"https:\/\/www.td.org\/atd-blog\/the-importance-of-continuing-to-invest-in-l-d-during-economic-downturns\" target=\"_blank\" rel=\"noreferrer noopener\">Andrea\u00a0Maliska de Rebel Learn<\/a>, pour surmonter la crise \u00e9conomique, vous avez tout int\u00e9r\u00eat \u00e0 identifier les meilleurs talents dans votre entreprise et \u00e0 investir en eux pour les aider \u00e0 r\u00e9ussir. \u00ab\u00a0Si vous arr\u00eatez de proposer des opportunit\u00e9s aux collaborateurs motiv\u00e9s et performants, ceux-ci risquent d\u2019avoir l\u2019impression de ne pas profiter pleinement des avantages et des possibilit\u00e9s d\u2019\u00e9volution que leur offrait leur emploi auparavant.\u00a0\u00bb<\/p>\n\n\n\n<p>\u00ab&nbsp;Cette situation peut se traduire par une hausse des d\u00e9parts, soit durant la p\u00e9riode de crise, soit lorsque l\u2019\u00e9conomie commencera \u00e0 se redresser et que le march\u00e9 du travail redeviendra comp\u00e9titif&#8230; En plus d\u2019affecter le moral de vos collaborateurs, cela peut avoir un impact direct sur les r\u00e9sultats de votre entreprise.&nbsp;\u00bb<\/p>\n\n\n\n<p>Des \u00e9tudes montrent que le co\u00fbt engendr\u00e9 par la perte d\u2019un collaborateur peut aller de quelques dizaines de milliers d\u2019euros \u00e0 une fois et demie le salaire annuel de cette personne.\u00a0<\/p>\n\n\n\n<h2 class=\"wp-block-heading\"><strong>Soyez conscient de votre valeur et montrez ce dont vous \u00eates capable.<\/strong><\/h2>\n\n\n\n<p>Lorsqu\u2019une r\u00e9cession se profile et que les caisses sont vides, comment les professionnels du d\u00e9veloppement de talents sont-ils cens\u00e9s r\u00e9agir&nbsp;? Comment faire plus avec moins, tout en faisant en sorte que le L&D continue \u00e0 servir les int\u00e9r\u00eats de votre organisation&nbsp;?<\/p>\n\n\n\n<p>Notre nouveau\u00a0<a href=\"https:\/\/get.degreed.com\/fr-fr\/recession-survival-checklist\" target=\"_blank\" rel=\"noreferrer noopener\"><em>kit de survie en p\u00e9riode de r\u00e9cession \u00e0 l\u2019usage des responsables L&D<\/em><\/a>\u00a0vous aidera \u00e0 y voir plus clair. Nous avons rassembl\u00e9 en une page les dix\u00a0mesures qui aideront les responsables de formation les plus innovants \u00e0 garantir la pertinence de la formation, \u00e0 d\u00e9velopper et retenir les collaborateurs, et \u00e0 prouver la valeur du L&D en p\u00e9riode de crise.\u00a0<\/p>\n\n\n\n<p><a href=\"https:\/\/get.degreed.com\/fr-fr\/recession-survival-checklist\" target=\"_blank\" rel=\"noreferrer noopener\">T\u00e9l\u00e9chargez le kit<\/a> et imprimez-le pour toujours vous souvenir de\u00a0:\u00a0\u00a0<\/p>\n\n\n\n<ul class=\"wp-block-list\">\n<li>rechercher des talents en interne&nbsp;;<\/li>\n\n\n\n<li>vous concentrer sur les parcours professionnels&nbsp;;<\/li>\n\n\n\n<li>identifier les d\u00e9ficits de comp\u00e9tences au sein de vos effectifs&nbsp;;<\/li>\n\n\n\n<li>favoriser l\u2019entraide et l\u2019\u00e9change de feedback entre pairs&nbsp;;<\/li>\n\n\n\n<li>mesurer les retomb\u00e9es plut\u00f4t que le temps de formation.<\/li>\n<\/ul>\n\n\n\n<h2 class=\"wp-block-heading\"><strong>L\u2019avenir est incertain, mais vous pourrez mieux l\u2019affronter en vous y pr\u00e9parant.<\/strong><\/h2>\n\n\n\n<p>Le Britannique Jack\u00a0Kennedy, \u00e9conomiste chez Indeed, a r\u00e9cemment exprim\u00e9 son espoir que <a href=\"https:\/\/www.fenews.co.uk\/fe-voices\/predictions-for-the-future-what-will-2023-hold-for-the-sector\/\" target=\"_blank\" rel=\"noreferrer noopener\">les licenciements caus\u00e9s par la r\u00e9cession ne seront pas aussi importants<\/a>\u00a0que lors de la crise financi\u00e8re de 2008.\u00a0<\/p>\n\n\n\n<p>En vous pr\u00e9parant \u00e0 l\u2019\u00e9ventualit\u00e9 d\u2019une r\u00e9cession, vous aiderez votre organisation \u00e0 r\u00e9agir positivement et \u00e0 prendre de l\u2019avance sur ses concurrents. Vous contribuerez aussi \u00e0 pr\u00e9server la culture apprenante de votre entreprise et \u00e0 en d\u00e9montrer toute la valeur. Et tandis que vous t\u00e2chez d\u2019en faire plus avec moins dans vos programmes de formation, gardez votre kit de survie \u00e0 port\u00e9e de main. Il pourrait bien vous \u00eatre utile pour affronter les mois \u00e0 venir.<\/p>\n","protected":false},"excerpt":{"rendered":"<p>Faire plus avec moins. Lorsque ces mots r\u00e9sonnent partout dans l\u2019entreprise et que le spectre d\u2019une r\u00e9cession accentue le risque de coupes budg\u00e9taires et de licenciements, vous vous demandez si votre programme de L&#038;D est menac\u00e9, ou pire encore, s\u2019il est vou\u00e9 \u00e0 dispara\u00eetre. Lorsque la survie de vos projets et de votre propre emploi [&hellip;]<\/p>\n","protected":false},"author":56,"featured_media":64234,"comment_status":"open","ping_status":"open","sticky":false,"template":"","format":"standard","meta":{"_acf_changed":false,"inline_featured_image":false,"footnotes":""},"categories":[19],"tags":[535],"post_folder":[],"class_list":["post-64232","post","type-post","status-publish","format-standard","has-post-thumbnail","hentry","category-non-classifiee","tag-degreed-france"],"acf":[],"yoast_head":"<!-- This site is optimized with the Yoast SEO Premium plugin v27.4 (Yoast SEO v27.4) - https:\/\/yoast.com\/product\/yoast-seo-premium-wordpress\/ -->\n<title>Assurez votre survie professionnelle en misant sur l\u2019agilit\u00e9 et la r\u00e9silience - Degreed<\/title>\n<meta name=\"robots\" content=\"index, follow, max-snippet:-1, max-image-preview:large, max-video-preview:-1\" \/>\n<link rel=\"canonical\" href=\"https:\/\/degreed.com\/experience\/fr\/blog\/assurez-votre-survie-professionnelle-en-misant-sur-lagilite-et-la-resilience\/\" \/>\n<meta property=\"og:locale\" content=\"fr_FR\" \/>\n<meta property=\"og:type\" content=\"article\" \/>\n<meta property=\"og:title\" content=\"Assurez votre survie professionnelle en misant sur l\u2019agilit\u00e9 et la r\u00e9silience\" \/>\n<meta property=\"og:description\" content=\"Faire plus avec moins. Lorsque ces mots r\u00e9sonnent partout dans l\u2019entreprise et que le spectre d\u2019une r\u00e9cession accentue le risque de coupes budg\u00e9taires et de licenciements, vous vous demandez si votre programme de L&amp;D est menac\u00e9, ou pire encore, s\u2019il est vou\u00e9 \u00e0 dispara\u00eetre. Lorsque la survie de vos projets et de votre propre emploi [&hellip;]\" \/>\n<meta property=\"og:url\" content=\"https:\/\/degreed.com\/experience\/fr\/blog\/assurez-votre-survie-professionnelle-en-misant-sur-lagilite-et-la-resilience\/\" \/>\n<meta property=\"og:site_name\" content=\"Degreed\" \/>\n<meta property=\"article:publisher\" content=\"https:\/\/www.facebook.com\/DegreedOfficial\" \/>\n<meta property=\"article:published_time\" content=\"2023-01-11T18:25:30+00:00\" \/>\n<meta property=\"article:modified_time\" content=\"2026-03-28T09:28:51+00:00\" \/>\n<meta property=\"og:image\" content=\"https:\/\/blog.degreed.com\/wp-content\/uploads\/2023\/01\/Recession-Campaign-Blog-1_Social_1-1280x720-1.png\" \/>\n<meta name=\"author\" content=\"Degreed\" \/>\n<meta name=\"twitter:card\" content=\"summary_large_image\" \/>\n<meta name=\"twitter:creator\" content=\"@degreed\" \/>\n<meta name=\"twitter:site\" content=\"@degreed\" \/>\n<meta name=\"twitter:label1\" content=\"\u00c9crit par\" \/>\n\t<meta name=\"twitter:data1\" content=\"Degreed\" \/>\n\t<meta name=\"twitter:label2\" content=\"Dur\u00e9e de lecture estim\u00e9e\" \/>\n\t<meta name=\"twitter:data2\" content=\"5 minutes\" \/>\n<script type=\"application\/ld+json\" class=\"yoast-schema-graph\">{\"@context\":\"https:\\\/\\\/schema.org\",\"@graph\":[{\"@type\":\"Article\",\"@id\":\"https:\\\/\\\/degreed.com\\\/experience\\\/fr\\\/blog\\\/assurez-votre-survie-professionnelle-en-misant-sur-lagilite-et-la-resilience\\\/#article\",\"isPartOf\":{\"@id\":\"https:\\\/\\\/degreed.com\\\/experience\\\/fr\\\/blog\\\/assurez-votre-survie-professionnelle-en-misant-sur-lagilite-et-la-resilience\\\/\"},\"author\":{\"name\":\"Degreed\",\"@id\":\"https:\\\/\\\/degreed.com\\\/experience\\\/fr\\\/#\\\/schema\\\/person\\\/46da863d759406cd094925b347efd072\"},\"headline\":\"Assurez votre survie professionnelle en misant sur l\u2019agilit\u00e9 et la r\u00e9silience\",\"datePublished\":\"2023-01-11T18:25:30+00:00\",\"dateModified\":\"2026-03-28T09:28:51+00:00\",\"mainEntityOfPage\":{\"@id\":\"https:\\\/\\\/degreed.com\\\/experience\\\/fr\\\/blog\\\/assurez-votre-survie-professionnelle-en-misant-sur-lagilite-et-la-resilience\\\/\"},\"wordCount\":1067,\"commentCount\":0,\"publisher\":{\"@id\":\"https:\\\/\\\/degreed.com\\\/experience\\\/fr\\\/#organization\"},\"image\":{\"@id\":\"https:\\\/\\\/degreed.com\\\/experience\\\/fr\\\/blog\\\/assurez-votre-survie-professionnelle-en-misant-sur-lagilite-et-la-resilience\\\/#primaryimage\"},\"thumbnailUrl\":\"https:\\\/\\\/explore.degreed.com\\\/wp-content\\\/uploads\\\/2025\\\/04\\\/Blog-Header-1200x1200-1-29.png\",\"keywords\":[\"Degreed France\"],\"articleSection\":[\"Non classifi\u00e9(e)\"],\"inLanguage\":\"fr-FR\",\"potentialAction\":[{\"@type\":\"CommentAction\",\"name\":\"Comment\",\"target\":[\"https:\\\/\\\/degreed.com\\\/experience\\\/fr\\\/blog\\\/assurez-votre-survie-professionnelle-en-misant-sur-lagilite-et-la-resilience\\\/#respond\"]}]},{\"@type\":\"WebPage\",\"@id\":\"https:\\\/\\\/degreed.com\\\/experience\\\/fr\\\/blog\\\/assurez-votre-survie-professionnelle-en-misant-sur-lagilite-et-la-resilience\\\/\",\"url\":\"https:\\\/\\\/degreed.com\\\/experience\\\/fr\\\/blog\\\/assurez-votre-survie-professionnelle-en-misant-sur-lagilite-et-la-resilience\\\/\",\"name\":\"Assurez votre survie professionnelle en misant sur l\u2019agilit\u00e9 et la r\u00e9silience - Degreed\",\"isPartOf\":{\"@id\":\"https:\\\/\\\/degreed.com\\\/experience\\\/fr\\\/#website\"},\"primaryImageOfPage\":{\"@id\":\"https:\\\/\\\/degreed.com\\\/experience\\\/fr\\\/blog\\\/assurez-votre-survie-professionnelle-en-misant-sur-lagilite-et-la-resilience\\\/#primaryimage\"},\"image\":{\"@id\":\"https:\\\/\\\/degreed.com\\\/experience\\\/fr\\\/blog\\\/assurez-votre-survie-professionnelle-en-misant-sur-lagilite-et-la-resilience\\\/#primaryimage\"},\"thumbnailUrl\":\"https:\\\/\\\/explore.degreed.com\\\/wp-content\\\/uploads\\\/2025\\\/04\\\/Blog-Header-1200x1200-1-29.png\",\"datePublished\":\"2023-01-11T18:25:30+00:00\",\"dateModified\":\"2026-03-28T09:28:51+00:00\",\"breadcrumb\":{\"@id\":\"https:\\\/\\\/degreed.com\\\/experience\\\/fr\\\/blog\\\/assurez-votre-survie-professionnelle-en-misant-sur-lagilite-et-la-resilience\\\/#breadcrumb\"},\"inLanguage\":\"fr-FR\",\"potentialAction\":[{\"@type\":\"ReadAction\",\"target\":[\"https:\\\/\\\/degreed.com\\\/experience\\\/fr\\\/blog\\\/assurez-votre-survie-professionnelle-en-misant-sur-lagilite-et-la-resilience\\\/\"]}]},{\"@type\":\"ImageObject\",\"inLanguage\":\"fr-FR\",\"@id\":\"https:\\\/\\\/degreed.com\\\/experience\\\/fr\\\/blog\\\/assurez-votre-survie-professionnelle-en-misant-sur-lagilite-et-la-resilience\\\/#primaryimage\",\"url\":\"https:\\\/\\\/explore.degreed.com\\\/wp-content\\\/uploads\\\/2025\\\/04\\\/Blog-Header-1200x1200-1-29.png\",\"contentUrl\":\"https:\\\/\\\/explore.degreed.com\\\/wp-content\\\/uploads\\\/2025\\\/04\\\/Blog-Header-1200x1200-1-29.png\",\"width\":1200,\"height\":1200},{\"@type\":\"BreadcrumbList\",\"@id\":\"https:\\\/\\\/degreed.com\\\/experience\\\/fr\\\/blog\\\/assurez-votre-survie-professionnelle-en-misant-sur-lagilite-et-la-resilience\\\/#breadcrumb\",\"itemListElement\":[{\"@type\":\"ListItem\",\"position\":1,\"name\":\"Home\",\"item\":\"https:\\\/\\\/degreed.com\\\/experience\\\/fr\\\/\"},{\"@type\":\"ListItem\",\"position\":2,\"name\":\"Assurez votre survie professionnelle en misant sur l\u2019agilit\u00e9 et la r\u00e9silience\"}]},{\"@type\":\"WebSite\",\"@id\":\"https:\\\/\\\/degreed.com\\\/experience\\\/fr\\\/#website\",\"url\":\"https:\\\/\\\/degreed.com\\\/experience\\\/fr\\\/\",\"name\":\"Degreed\",\"description\":\"The Learning and Upskilling Platform\",\"publisher\":{\"@id\":\"https:\\\/\\\/degreed.com\\\/experience\\\/fr\\\/#organization\"},\"potentialAction\":[{\"@type\":\"SearchAction\",\"target\":{\"@type\":\"EntryPoint\",\"urlTemplate\":\"https:\\\/\\\/degreed.com\\\/experience\\\/fr\\\/?s={search_term_string}\"},\"query-input\":{\"@type\":\"PropertyValueSpecification\",\"valueRequired\":true,\"valueName\":\"search_term_string\"}}],\"inLanguage\":\"fr-FR\"},{\"@type\":\"Organization\",\"@id\":\"https:\\\/\\\/degreed.com\\\/experience\\\/fr\\\/#organization\",\"name\":\"Degreed\",\"url\":\"https:\\\/\\\/degreed.com\\\/experience\\\/fr\\\/\",\"logo\":{\"@type\":\"ImageObject\",\"inLanguage\":\"fr-FR\",\"@id\":\"https:\\\/\\\/degreed.com\\\/experience\\\/fr\\\/#\\\/schema\\\/logo\\\/image\\\/\",\"url\":\"https:\\\/\\\/explore.degreed.com\\\/wp-content\\\/uploads\\\/2023\\\/05\\\/logo.svg\",\"contentUrl\":\"https:\\\/\\\/explore.degreed.com\\\/wp-content\\\/uploads\\\/2023\\\/05\\\/logo.svg\",\"caption\":\"Degreed\"},\"image\":{\"@id\":\"https:\\\/\\\/degreed.com\\\/experience\\\/fr\\\/#\\\/schema\\\/logo\\\/image\\\/\"},\"sameAs\":[\"https:\\\/\\\/www.facebook.com\\\/DegreedOfficial\",\"https:\\\/\\\/x.com\\\/degreed\",\"https:\\\/\\\/www.linkedin.com\\\/company\\\/degreed\\\/\",\"https:\\\/\\\/www.youtube.com\\\/channel\\\/UCkH3pyPKVngvsZzZlmoH-Mw\",\"https:\\\/\\\/www.instagram.com\\\/degreed\\\/\"],\"numberOfEmployees\":{\"@type\":\"QuantitativeValue\",\"minValue\":\"201\",\"maxValue\":\"500\"}},{\"@type\":\"Person\",\"@id\":\"https:\\\/\\\/degreed.com\\\/experience\\\/fr\\\/#\\\/schema\\\/person\\\/46da863d759406cd094925b347efd072\",\"name\":\"Degreed\",\"image\":{\"@type\":\"ImageObject\",\"inLanguage\":\"fr-FR\",\"@id\":\"https:\\\/\\\/explore.degreed.com\\\/wp-content\\\/uploads\\\/2025\\\/04\\\/degreed-blog-1.png\",\"url\":\"https:\\\/\\\/explore.degreed.com\\\/wp-content\\\/uploads\\\/2025\\\/04\\\/degreed-blog-1.png\",\"contentUrl\":\"https:\\\/\\\/explore.degreed.com\\\/wp-content\\\/uploads\\\/2025\\\/04\\\/degreed-blog-1.png\",\"caption\":\"Degreed\"}}]}<\/script>\n<!-- \/ Yoast SEO Premium plugin. -->","yoast_head_json":{"title":"Assurez votre survie professionnelle en misant sur l\u2019agilit\u00e9 et la r\u00e9silience - Degreed","robots":{"index":"index","follow":"follow","max-snippet":"max-snippet:-1","max-image-preview":"max-image-preview:large","max-video-preview":"max-video-preview:-1"},"canonical":"https:\/\/degreed.com\/experience\/fr\/blog\/assurez-votre-survie-professionnelle-en-misant-sur-lagilite-et-la-resilience\/","og_locale":"fr_FR","og_type":"article","og_title":"Assurez votre survie professionnelle en misant sur l\u2019agilit\u00e9 et la r\u00e9silience","og_description":"Faire plus avec moins. Lorsque ces mots r\u00e9sonnent partout dans l\u2019entreprise et que le spectre d\u2019une r\u00e9cession accentue le risque de coupes budg\u00e9taires et de licenciements, vous vous demandez si votre programme de L&D est menac\u00e9, ou pire encore, s\u2019il est vou\u00e9 \u00e0 dispara\u00eetre. Lorsque la survie de vos projets et de votre propre emploi [&hellip;]","og_url":"https:\/\/degreed.com\/experience\/fr\/blog\/assurez-votre-survie-professionnelle-en-misant-sur-lagilite-et-la-resilience\/","og_site_name":"Degreed","article_publisher":"https:\/\/www.facebook.com\/DegreedOfficial","article_published_time":"2023-01-11T18:25:30+00:00","article_modified_time":"2026-03-28T09:28:51+00:00","og_image":[{"url":"https:\/\/blog.degreed.com\/wp-content\/uploads\/2023\/01\/Recession-Campaign-Blog-1_Social_1-1280x720-1.png","type":"","width":"","height":""}],"author":"Degreed","twitter_card":"summary_large_image","twitter_creator":"@degreed","twitter_site":"@degreed","twitter_misc":{"\u00c9crit par":"Degreed","Dur\u00e9e de lecture estim\u00e9e":"5 minutes"},"schema":{"@context":"https:\/\/schema.org","@graph":[{"@type":"Article","@id":"https:\/\/degreed.com\/experience\/fr\/blog\/assurez-votre-survie-professionnelle-en-misant-sur-lagilite-et-la-resilience\/#article","isPartOf":{"@id":"https:\/\/degreed.com\/experience\/fr\/blog\/assurez-votre-survie-professionnelle-en-misant-sur-lagilite-et-la-resilience\/"},"author":{"name":"Degreed","@id":"https:\/\/degreed.com\/experience\/fr\/#\/schema\/person\/46da863d759406cd094925b347efd072"},"headline":"Assurez votre survie professionnelle en misant sur l\u2019agilit\u00e9 et la r\u00e9silience","datePublished":"2023-01-11T18:25:30+00:00","dateModified":"2026-03-28T09:28:51+00:00","mainEntityOfPage":{"@id":"https:\/\/degreed.com\/experience\/fr\/blog\/assurez-votre-survie-professionnelle-en-misant-sur-lagilite-et-la-resilience\/"},"wordCount":1067,"commentCount":0,"publisher":{"@id":"https:\/\/degreed.com\/experience\/fr\/#organization"},"image":{"@id":"https:\/\/degreed.com\/experience\/fr\/blog\/assurez-votre-survie-professionnelle-en-misant-sur-lagilite-et-la-resilience\/#primaryimage"},"thumbnailUrl":"https:\/\/explore.degreed.com\/wp-content\/uploads\/2025\/04\/Blog-Header-1200x1200-1-29.png","keywords":["Degreed France"],"articleSection":["Non classifi\u00e9(e)"],"inLanguage":"fr-FR","potentialAction":[{"@type":"CommentAction","name":"Comment","target":["https:\/\/degreed.com\/experience\/fr\/blog\/assurez-votre-survie-professionnelle-en-misant-sur-lagilite-et-la-resilience\/#respond"]}]},{"@type":"WebPage","@id":"https:\/\/degreed.com\/experience\/fr\/blog\/assurez-votre-survie-professionnelle-en-misant-sur-lagilite-et-la-resilience\/","url":"https:\/\/degreed.com\/experience\/fr\/blog\/assurez-votre-survie-professionnelle-en-misant-sur-lagilite-et-la-resilience\/","name":"Assurez votre survie professionnelle en misant sur l\u2019agilit\u00e9 et la r\u00e9silience - Degreed","isPartOf":{"@id":"https:\/\/degreed.com\/experience\/fr\/#website"},"primaryImageOfPage":{"@id":"https:\/\/degreed.com\/experience\/fr\/blog\/assurez-votre-survie-professionnelle-en-misant-sur-lagilite-et-la-resilience\/#primaryimage"},"image":{"@id":"https:\/\/degreed.com\/experience\/fr\/blog\/assurez-votre-survie-professionnelle-en-misant-sur-lagilite-et-la-resilience\/#primaryimage"},"thumbnailUrl":"https:\/\/explore.degreed.com\/wp-content\/uploads\/2025\/04\/Blog-Header-1200x1200-1-29.png","datePublished":"2023-01-11T18:25:30+00:00","dateModified":"2026-03-28T09:28:51+00:00","breadcrumb":{"@id":"https:\/\/degreed.com\/experience\/fr\/blog\/assurez-votre-survie-professionnelle-en-misant-sur-lagilite-et-la-resilience\/#breadcrumb"},"inLanguage":"fr-FR","potentialAction":[{"@type":"ReadAction","target":["https:\/\/degreed.com\/experience\/fr\/blog\/assurez-votre-survie-professionnelle-en-misant-sur-lagilite-et-la-resilience\/"]}]},{"@type":"ImageObject","inLanguage":"fr-FR","@id":"https:\/\/degreed.com\/experience\/fr\/blog\/assurez-votre-survie-professionnelle-en-misant-sur-lagilite-et-la-resilience\/#primaryimage","url":"https:\/\/explore.degreed.com\/wp-content\/uploads\/2025\/04\/Blog-Header-1200x1200-1-29.png","contentUrl":"https:\/\/explore.degreed.com\/wp-content\/uploads\/2025\/04\/Blog-Header-1200x1200-1-29.png","width":1200,"height":1200},{"@type":"BreadcrumbList","@id":"https:\/\/degreed.com\/experience\/fr\/blog\/assurez-votre-survie-professionnelle-en-misant-sur-lagilite-et-la-resilience\/#breadcrumb","itemListElement":[{"@type":"ListItem","position":1,"name":"Home","item":"https:\/\/degreed.com\/experience\/fr\/"},{"@type":"ListItem","position":2,"name":"Assurez votre survie professionnelle en misant sur l\u2019agilit\u00e9 et la r\u00e9silience"}]},{"@type":"WebSite","@id":"https:\/\/degreed.com\/experience\/fr\/#website","url":"https:\/\/degreed.com\/experience\/fr\/","name":"Degreed","description":"The Learning and Upskilling Platform","publisher":{"@id":"https:\/\/degreed.com\/experience\/fr\/#organization"},"potentialAction":[{"@type":"SearchAction","target":{"@type":"EntryPoint","urlTemplate":"https:\/\/degreed.com\/experience\/fr\/?s={search_term_string}"},"query-input":{"@type":"PropertyValueSpecification","valueRequired":true,"valueName":"search_term_string"}}],"inLanguage":"fr-FR"},{"@type":"Organization","@id":"https:\/\/degreed.com\/experience\/fr\/#organization","name":"Degreed","url":"https:\/\/degreed.com\/experience\/fr\/","logo":{"@type":"ImageObject","inLanguage":"fr-FR","@id":"https:\/\/degreed.com\/experience\/fr\/#\/schema\/logo\/image\/","url":"https:\/\/explore.degreed.com\/wp-content\/uploads\/2023\/05\/logo.svg","contentUrl":"https:\/\/explore.degreed.com\/wp-content\/uploads\/2023\/05\/logo.svg","caption":"Degreed"},"image":{"@id":"https:\/\/degreed.com\/experience\/fr\/#\/schema\/logo\/image\/"},"sameAs":["https:\/\/www.facebook.com\/DegreedOfficial","https:\/\/x.com\/degreed","https:\/\/www.linkedin.com\/company\/degreed\/","https:\/\/www.youtube.com\/channel\/UCkH3pyPKVngvsZzZlmoH-Mw","https:\/\/www.instagram.com\/degreed\/"],"numberOfEmployees":{"@type":"QuantitativeValue","minValue":"201","maxValue":"500"}},{"@type":"Person","@id":"https:\/\/degreed.com\/experience\/fr\/#\/schema\/person\/46da863d759406cd094925b347efd072","name":"Degreed","image":{"@type":"ImageObject","inLanguage":"fr-FR","@id":"https:\/\/explore.degreed.com\/wp-content\/uploads\/2025\/04\/degreed-blog-1.png","url":"https:\/\/explore.degreed.com\/wp-content\/uploads\/2025\/04\/degreed-blog-1.png","contentUrl":"https:\/\/explore.degreed.com\/wp-content\/uploads\/2025\/04\/degreed-blog-1.png","caption":"Degreed"}}]}},"publishpress_future_workflow_manual_trigger":{"enabledWorkflows":[]},"_links":{"self":[{"href":"https:\/\/explore.degreed.com\/experience\/fr\/wp-json\/wp\/v2\/posts\/64232","targetHints":{"allow":["GET"]}}],"collection":[{"href":"https:\/\/explore.degreed.com\/experience\/fr\/wp-json\/wp\/v2\/posts"}],"about":[{"href":"https:\/\/explore.degreed.com\/experience\/fr\/wp-json\/wp\/v2\/types\/post"}],"author":[{"embeddable":true,"href":"https:\/\/explore.degreed.com\/experience\/fr\/wp-json\/wp\/v2\/users\/56"}],"replies":[{"embeddable":true,"href":"https:\/\/explore.degreed.com\/experience\/fr\/wp-json\/wp\/v2\/comments?post=64232"}],"version-history":[{"count":0,"href":"https:\/\/explore.degreed.com\/experience\/fr\/wp-json\/wp\/v2\/posts\/64232\/revisions"}],"wp:featuredmedia":[{"embeddable":true,"href":"https:\/\/explore.degreed.com\/experience\/fr\/wp-json\/wp\/v2\/media\/64234"}],"wp:attachment":[{"href":"https:\/\/explore.degreed.com\/experience\/fr\/wp-json\/wp\/v2\/media?parent=64232"}],"wp:term":[{"taxonomy":"category","embeddable":true,"href":"https:\/\/explore.degreed.com\/experience\/fr\/wp-json\/wp\/v2\/categories?post=64232"},{"taxonomy":"post_tag","embeddable":true,"href":"https:\/\/explore.degreed.com\/experience\/fr\/wp-json\/wp\/v2\/tags?post=64232"},{"taxonomy":"post_folder","embeddable":true,"href":"https:\/\/explore.degreed.com\/experience\/fr\/wp-json\/wp\/v2\/post_folder?post=64232"}],"curies":[{"name":"wp","href":"https:\/\/api.w.org\/{rel}","templated":true}]}}