{"id":64330,"date":"2023-06-22T17:50:47","date_gmt":"2023-06-22T17:50:47","guid":{"rendered":"https:\/\/explore.local\/blog-archive\/avec-laide-de-degreed-dasa-lance-son-academie-de-formation-technologique\/"},"modified":"2026-03-28T09:46:16","modified_gmt":"2026-03-28T09:46:16","slug":"avec-laide-de-degreed-dasa-lance-son-academie-de-formation-technologique","status":"publish","type":"post","link":"https:\/\/degreed.com\/experience\/fr\/blog\/avec-laide-de-degreed-dasa-lance-son-academie-de-formation-technologique\/","title":{"rendered":"Dasa lance son acad\u00e9mie de formation technologique avec Degreed"},"content":{"rendered":"\n<p><em>Rodrigo Lima da Silva, notre invit\u00e9 blogueur du jour, est analyste de la formation chez <\/em><em><a href=\"http:\/\/dasa.com.br\/carreira\" target=\"_blank\" rel=\"noreferrer noopener\">Dasa<\/a><\/em><em>.<\/em><\/p>\n\n\n\n<p>Dasa est le plus grand r\u00e9seau int\u00e9gr\u00e9 de services de sant\u00e9 du Br\u00e9sil. Nos activit\u00e9s concernent plus de 20&nbsp;millions de personnes chaque ann\u00e9e, et notre approche des soins est pr\u00e9ventive, pr\u00e9dictive et personnalis\u00e9e.<\/p>\n\n\n\n<p>Gr\u00e2ce \u00e0 des investissements massifs dans la transformation num\u00e9rique, l\u2019entreprise est aujourd\u2019hui plus agile et plus efficace \u00e0 tous les niveaux. Nous utilisons l\u2019intelligence des donn\u00e9es pour g\u00e9n\u00e9rer de la valeur sur toute la cha\u00eene de soins, et nous proposons au patient une exp\u00e9rience plus fluide. Nous t\u00e2chons d&rsquo;innover en continu en misant sur des technologies de pointe, et nous connaissons une croissance rapide en combinant l&rsquo;intelligence des donn\u00e9es avec notre expertise m\u00e9dicale.<\/p>\n\n\n\n<p>C\u2019est pourquoi nos collaborateurs doivent toujours \u00eatre au fait des nouvelles technologies. Et l\u2019arriv\u00e9e de la COVID-19 n\u2019a fait que renforcer ce besoin. Dans le m\u00eame temps, le march\u00e9 de l\u2019emploi, de plus en plus concurrentiel, a rendu plus difficile que jamais le recrutement d\u2019employ\u00e9s qualifi\u00e9s.<\/p>\n\n\n\n<h2 class=\"wp-block-heading\"><strong>Des collaborateurs \u00e0 la pointe des comp\u00e9tences<\/strong><strong><\/strong><\/h2>\n\n\n\n<p>C\u2019est pour combler ces besoins et faire face \u00e0 ces d\u00e9fis que nous avons d\u00e9cid\u00e9 de cr\u00e9er la Dasa Academy of Technology en juillet&nbsp;2021. L\u2019acad\u00e9mie est aujourd\u2019hui un \u00e9l\u00e9ment cl\u00e9 de l\u2019universit\u00e9 d\u2019entreprise de Dasa. Son but&nbsp;: s\u2019assurer que nos techniciens, mais aussi les employ\u00e9s administratifs et de premi\u00e8re ligne, disposent des comp\u00e9tences les plus recherch\u00e9es. L\u2019acad\u00e9mie propose des certifications qui r\u00e9pondent aux besoins de notre personnel et de nos futurs projets. D\u2019autres acad\u00e9mies similaires ont \u00e9t\u00e9 cr\u00e9\u00e9es en interne par la suite. Et je suis satisfait de constater que cette r\u00e9ussite est en grande partie li\u00e9e au soutien de la direction.<\/p>\n\n\n\n<p>Le succ\u00e8s de notre acad\u00e9mie technologique, nous le devons aussi \u00e0 Degreed. En partenariat avec l\u2019entreprise et de nombreux fournisseurs de contenu, dont Amazon Web Services, Microsoft et Alura, nous avons cr\u00e9\u00e9 des parcours qui proposent du contenu et des programmes de formation couvrant des comp\u00e9tences g\u00e9n\u00e9rales et sp\u00e9cifiques. Degreed est le portail par lequel nous d\u00e9livrons toute cette formation.<\/p>\n\n\n\n<p>Nous avons r\u00e9cemment lanc\u00e9 le premier volet de notre initiative \u00ab&nbsp;Forma Tech&nbsp;\u00bb. Ce programme de formation permet aux participants de d\u00e9velopper les comp\u00e9tences de leur choix dans les domaines du d\u00e9veloppement d\u2019applications et de sites web (back-end et front-end), ainsi que de l\u2019assurance qualit\u00e9. Propos\u00e9 par l\u2019interm\u00e9diaire de l\u2019acad\u00e9mie technologique, le premier cycle du programme a profit\u00e9 \u00e0 14&nbsp;hommes et 12&nbsp;femmes issus de diff\u00e9rents services de l\u2019entreprise, dont la radiologie, la r\u00e9ception, ainsi que la maintenance. Cette exp\u00e9rience a donn\u00e9 \u00e0 chacun une opportunit\u00e9 d\u2019avancement de carri\u00e8re jusqu\u2019alors inaccessible.<\/p>\n\n\n\n<p>L&rsquo;int\u00e9gralit\u00e9 du programme de huit&nbsp;semaines s&rsquo;est d\u00e9roul\u00e9e en ligne, ce qui a permis \u00e0 des collaborateurs de diff\u00e9rentes r\u00e9gions du Br\u00e9sil de participer. Ce programme reposait sur des parcours Degreed structur\u00e9s par les responsables de chaque domaine. Il comprenait \u00e9galement du mentorat collectif et individuel, des conf\u00e9rences et l\u2019\u00e9valuation d\u2019un projet men\u00e9 \u00e0 bien en fin de formation (par exemple, l\u2019utilisation de React Native, de JavaScript ou encore de GraphQL pour cr\u00e9er un \u00e9cran de connexion et effectuer des tests).<\/p>\n\n\n\n<h2 class=\"wp-block-heading\"><strong>Des possibilit\u00e9s d\u2019\u00e9volution de carri\u00e8re<\/strong><strong><\/strong><\/h2>\n\n\n\n<p>Pour Gerson da Costa Dias, analyste des technologies num\u00e9riques, Forma&nbsp;Tech lui a ouvert de grandes portes.<\/p>\n\n\n\n<p>\u00ab&nbsp;Ce programme m\u2019a permis d\u2019int\u00e9grer l\u2019\u00e9quipe d\u2019assurance qualit\u00e9&nbsp;\u00bb, t\u00e9moigne-t-il. \u00ab&nbsp;Je n\u2019aurais jamais imagin\u00e9 pouvoir travailler dans ce domaine, mais gr\u00e2ce \u00e0 l\u2019universit\u00e9 Dasa, ce r\u00eave est devenu r\u00e9alit\u00e9. Et je suis extr\u00eamement reconnaissant de l\u2019opportunit\u00e9 qui m\u2019a \u00e9t\u00e9 offerte.&nbsp;\u00bb<\/p>\n\n\n\n<p>Comme le rappelle souvent Bianca&nbsp;Develly, responsable L&D et surintendante du d\u00e9veloppement organisationnel, \u00ab&nbsp;Dasa compte plus de 50&nbsp;000&nbsp;talents, et c\u2019est \u00e0 nous de leur donner la chance de se d\u00e9velopper et d\u2019\u00e9voluer \u00e0 nos c\u00f4t\u00e9s. Pour cela, nous devons conna\u00eetre les besoins individuels afin de promouvoir les meilleurs parcours de formation, \u00e0 grande \u00e9chelle et de mani\u00e8re personnalis\u00e9e. Nous avons besoin d\u2019un partenaire qui nous soutienne au niveau technologique, c\u2019est pourquoi le partenariat avec Degreed est si strat\u00e9gique pour nous en mati\u00e8re de formation.&nbsp;\u00bb<\/p>\n\n\n\n<h2 class=\"wp-block-heading\"><strong>Tourn\u00e9s vers l\u2019avenir<\/strong><\/h2>\n\n\n\n<p>Nous sommes impatients d&rsquo;offrir la prochaine session de Forma&nbsp;Tech \u00e0 un plus grand nombre de participants. \u00c0 travers le Br\u00e9sil, plusieurs employ\u00e9s travaillant \u00e0 la comptabilit\u00e9, \u00e0 la r\u00e9ception et en radiologie ont d\u00e9j\u00e0 manifest\u00e9 leur int\u00e9r\u00eat. C\u2019est pour nous une joie immense et nous sommes reconnaissants du soutien apport\u00e9 par Degreed dans cette nouvelle aventure.<\/p>\n\n\n\n<p>L\u2019expansion de Forma&nbsp;Tech gr\u00e2ce \u00e0 la formation en ligne t\u00e9moigne de notre engagement \u00e0 \u00eatre pr\u00e9sents dans la vie quotidienne de nos collaborateurs, \u00e0 faciliter les parcours de d\u00e9veloppement, \u00e0 promouvoir de nouvelles comp\u00e9tences et \u00e0 aider nos employ\u00e9s \u00e0 contribuer \u00e0 la sant\u00e9 publique.<\/p>\n","protected":false},"excerpt":{"rendered":"<p>Rodrigo Lima da Silva, notre invit\u00e9 blogueur du jour, est analyste de la formation chez Dasa. Dasa est le plus grand r\u00e9seau int\u00e9gr\u00e9 de services de sant\u00e9 du Br\u00e9sil. Nos activit\u00e9s concernent plus de 20&nbsp;millions de personnes chaque ann\u00e9e, et notre approche des soins est pr\u00e9ventive, pr\u00e9dictive et personnalis\u00e9e. Gr\u00e2ce \u00e0 des investissements massifs dans [&hellip;]<\/p>\n","protected":false},"author":56,"featured_media":64164,"comment_status":"closed","ping_status":"closed","sticky":false,"template":"","format":"standard","meta":{"_acf_changed":false,"inline_featured_image":false,"footnotes":""},"categories":[],"tags":[535],"post_folder":[],"class_list":["post-64330","post","type-post","status-publish","format-standard","has-post-thumbnail","hentry","tag-degreed-france"],"acf":[],"yoast_head":"<!-- This site is optimized with the Yoast SEO Premium plugin v27.4 (Yoast SEO v27.4) - https:\/\/yoast.com\/product\/yoast-seo-premium-wordpress\/ -->\n<title>Dasa lance son acad\u00e9mie de formation technologique avec Degreed - Degreed<\/title>\n<meta name=\"robots\" content=\"index, follow, max-snippet:-1, max-image-preview:large, max-video-preview:-1\" \/>\n<link rel=\"canonical\" href=\"https:\/\/degreed.com\/experience\/fr\/blog\/avec-laide-de-degreed-dasa-lance-son-academie-de-formation-technologique\/\" \/>\n<meta property=\"og:locale\" content=\"fr_FR\" \/>\n<meta property=\"og:type\" content=\"article\" \/>\n<meta property=\"og:title\" content=\"Dasa lance son acad\u00e9mie de formation technologique avec Degreed\" \/>\n<meta property=\"og:description\" content=\"Rodrigo Lima da Silva, notre invit\u00e9 blogueur du jour, est analyste de la formation chez Dasa. Dasa est le plus grand r\u00e9seau int\u00e9gr\u00e9 de services de sant\u00e9 du Br\u00e9sil. Nos activit\u00e9s concernent plus de 20&nbsp;millions de personnes chaque ann\u00e9e, et notre approche des soins est pr\u00e9ventive, pr\u00e9dictive et personnalis\u00e9e. Gr\u00e2ce \u00e0 des investissements massifs dans [&hellip;]\" \/>\n<meta property=\"og:url\" content=\"https:\/\/degreed.com\/experience\/fr\/blog\/avec-laide-de-degreed-dasa-lance-son-academie-de-formation-technologique\/\" \/>\n<meta property=\"og:site_name\" content=\"Degreed\" \/>\n<meta property=\"article:publisher\" content=\"https:\/\/www.facebook.com\/DegreedOfficial\" \/>\n<meta property=\"article:published_time\" content=\"2023-06-22T17:50:47+00:00\" \/>\n<meta property=\"article:modified_time\" content=\"2026-03-28T09:46:16+00:00\" \/>\n<meta property=\"og:image\" content=\"https:\/\/explore.degreed.com\/wp-content\/uploads\/2025\/04\/1_10_23_DASA_Blog-Header-1200x1200-1.png\" \/>\n\t<meta property=\"og:image:width\" content=\"1200\" \/>\n\t<meta property=\"og:image:height\" content=\"1200\" \/>\n\t<meta property=\"og:image:type\" content=\"image\/png\" \/>\n<meta name=\"author\" content=\"Degreed\" \/>\n<meta name=\"twitter:card\" content=\"summary_large_image\" \/>\n<meta name=\"twitter:creator\" content=\"@degreed\" \/>\n<meta name=\"twitter:site\" content=\"@degreed\" \/>\n<meta name=\"twitter:label1\" content=\"\u00c9crit par\" \/>\n\t<meta name=\"twitter:data1\" content=\"Degreed\" \/>\n\t<meta name=\"twitter:label2\" content=\"Dur\u00e9e de lecture estim\u00e9e\" \/>\n\t<meta name=\"twitter:data2\" content=\"4 minutes\" \/>\n<script type=\"application\/ld+json\" class=\"yoast-schema-graph\">{\"@context\":\"https:\\\/\\\/schema.org\",\"@graph\":[{\"@type\":\"Article\",\"@id\":\"https:\\\/\\\/degreed.com\\\/experience\\\/fr\\\/blog\\\/avec-laide-de-degreed-dasa-lance-son-academie-de-formation-technologique\\\/#article\",\"isPartOf\":{\"@id\":\"https:\\\/\\\/degreed.com\\\/experience\\\/fr\\\/blog\\\/avec-laide-de-degreed-dasa-lance-son-academie-de-formation-technologique\\\/\"},\"author\":{\"name\":\"Degreed\",\"@id\":\"https:\\\/\\\/degreed.com\\\/experience\\\/fr\\\/#\\\/schema\\\/person\\\/46da863d759406cd094925b347efd072\"},\"headline\":\"Dasa lance son acad\u00e9mie de formation technologique avec Degreed\",\"datePublished\":\"2023-06-22T17:50:47+00:00\",\"dateModified\":\"2026-03-28T09:46:16+00:00\",\"mainEntityOfPage\":{\"@id\":\"https:\\\/\\\/degreed.com\\\/experience\\\/fr\\\/blog\\\/avec-laide-de-degreed-dasa-lance-son-academie-de-formation-technologique\\\/\"},\"wordCount\":909,\"publisher\":{\"@id\":\"https:\\\/\\\/degreed.com\\\/experience\\\/fr\\\/#organization\"},\"image\":{\"@id\":\"https:\\\/\\\/degreed.com\\\/experience\\\/fr\\\/blog\\\/avec-laide-de-degreed-dasa-lance-son-academie-de-formation-technologique\\\/#primaryimage\"},\"thumbnailUrl\":\"https:\\\/\\\/explore.degreed.com\\\/wp-content\\\/uploads\\\/2025\\\/04\\\/1_10_23_DASA_Blog-Header-1200x1200-1.png\",\"keywords\":[\"Degreed France\"],\"inLanguage\":\"fr-FR\"},{\"@type\":\"WebPage\",\"@id\":\"https:\\\/\\\/degreed.com\\\/experience\\\/fr\\\/blog\\\/avec-laide-de-degreed-dasa-lance-son-academie-de-formation-technologique\\\/\",\"url\":\"https:\\\/\\\/degreed.com\\\/experience\\\/fr\\\/blog\\\/avec-laide-de-degreed-dasa-lance-son-academie-de-formation-technologique\\\/\",\"name\":\"Dasa lance son acad\u00e9mie de formation technologique avec Degreed - Degreed\",\"isPartOf\":{\"@id\":\"https:\\\/\\\/degreed.com\\\/experience\\\/fr\\\/#website\"},\"primaryImageOfPage\":{\"@id\":\"https:\\\/\\\/degreed.com\\\/experience\\\/fr\\\/blog\\\/avec-laide-de-degreed-dasa-lance-son-academie-de-formation-technologique\\\/#primaryimage\"},\"image\":{\"@id\":\"https:\\\/\\\/degreed.com\\\/experience\\\/fr\\\/blog\\\/avec-laide-de-degreed-dasa-lance-son-academie-de-formation-technologique\\\/#primaryimage\"},\"thumbnailUrl\":\"https:\\\/\\\/explore.degreed.com\\\/wp-content\\\/uploads\\\/2025\\\/04\\\/1_10_23_DASA_Blog-Header-1200x1200-1.png\",\"datePublished\":\"2023-06-22T17:50:47+00:00\",\"dateModified\":\"2026-03-28T09:46:16+00:00\",\"breadcrumb\":{\"@id\":\"https:\\\/\\\/degreed.com\\\/experience\\\/fr\\\/blog\\\/avec-laide-de-degreed-dasa-lance-son-academie-de-formation-technologique\\\/#breadcrumb\"},\"inLanguage\":\"fr-FR\",\"potentialAction\":[{\"@type\":\"ReadAction\",\"target\":[\"https:\\\/\\\/degreed.com\\\/experience\\\/fr\\\/blog\\\/avec-laide-de-degreed-dasa-lance-son-academie-de-formation-technologique\\\/\"]}]},{\"@type\":\"ImageObject\",\"inLanguage\":\"fr-FR\",\"@id\":\"https:\\\/\\\/degreed.com\\\/experience\\\/fr\\\/blog\\\/avec-laide-de-degreed-dasa-lance-son-academie-de-formation-technologique\\\/#primaryimage\",\"url\":\"https:\\\/\\\/explore.degreed.com\\\/wp-content\\\/uploads\\\/2025\\\/04\\\/1_10_23_DASA_Blog-Header-1200x1200-1.png\",\"contentUrl\":\"https:\\\/\\\/explore.degreed.com\\\/wp-content\\\/uploads\\\/2025\\\/04\\\/1_10_23_DASA_Blog-Header-1200x1200-1.png\",\"width\":1200,\"height\":1200},{\"@type\":\"BreadcrumbList\",\"@id\":\"https:\\\/\\\/degreed.com\\\/experience\\\/fr\\\/blog\\\/avec-laide-de-degreed-dasa-lance-son-academie-de-formation-technologique\\\/#breadcrumb\",\"itemListElement\":[{\"@type\":\"ListItem\",\"position\":1,\"name\":\"Home\",\"item\":\"https:\\\/\\\/degreed.com\\\/experience\\\/fr\\\/\"},{\"@type\":\"ListItem\",\"position\":2,\"name\":\"Dasa lance son acad\u00e9mie de formation technologique avec Degreed\"}]},{\"@type\":\"WebSite\",\"@id\":\"https:\\\/\\\/degreed.com\\\/experience\\\/fr\\\/#website\",\"url\":\"https:\\\/\\\/degreed.com\\\/experience\\\/fr\\\/\",\"name\":\"Degreed\",\"description\":\"The Learning and Upskilling Platform\",\"publisher\":{\"@id\":\"https:\\\/\\\/degreed.com\\\/experience\\\/fr\\\/#organization\"},\"potentialAction\":[{\"@type\":\"SearchAction\",\"target\":{\"@type\":\"EntryPoint\",\"urlTemplate\":\"https:\\\/\\\/degreed.com\\\/experience\\\/fr\\\/?s={search_term_string}\"},\"query-input\":{\"@type\":\"PropertyValueSpecification\",\"valueRequired\":true,\"valueName\":\"search_term_string\"}}],\"inLanguage\":\"fr-FR\"},{\"@type\":\"Organization\",\"@id\":\"https:\\\/\\\/degreed.com\\\/experience\\\/fr\\\/#organization\",\"name\":\"Degreed\",\"url\":\"https:\\\/\\\/degreed.com\\\/experience\\\/fr\\\/\",\"logo\":{\"@type\":\"ImageObject\",\"inLanguage\":\"fr-FR\",\"@id\":\"https:\\\/\\\/degreed.com\\\/experience\\\/fr\\\/#\\\/schema\\\/logo\\\/image\\\/\",\"url\":\"https:\\\/\\\/explore.degreed.com\\\/wp-content\\\/uploads\\\/2023\\\/05\\\/logo.svg\",\"contentUrl\":\"https:\\\/\\\/explore.degreed.com\\\/wp-content\\\/uploads\\\/2023\\\/05\\\/logo.svg\",\"caption\":\"Degreed\"},\"image\":{\"@id\":\"https:\\\/\\\/degreed.com\\\/experience\\\/fr\\\/#\\\/schema\\\/logo\\\/image\\\/\"},\"sameAs\":[\"https:\\\/\\\/www.facebook.com\\\/DegreedOfficial\",\"https:\\\/\\\/x.com\\\/degreed\",\"https:\\\/\\\/www.linkedin.com\\\/company\\\/degreed\\\/\",\"https:\\\/\\\/www.youtube.com\\\/channel\\\/UCkH3pyPKVngvsZzZlmoH-Mw\",\"https:\\\/\\\/www.instagram.com\\\/degreed\\\/\"],\"numberOfEmployees\":{\"@type\":\"QuantitativeValue\",\"minValue\":\"201\",\"maxValue\":\"500\"}},{\"@type\":\"Person\",\"@id\":\"https:\\\/\\\/degreed.com\\\/experience\\\/fr\\\/#\\\/schema\\\/person\\\/46da863d759406cd094925b347efd072\",\"name\":\"Degreed\",\"image\":{\"@type\":\"ImageObject\",\"inLanguage\":\"fr-FR\",\"@id\":\"https:\\\/\\\/explore.degreed.com\\\/wp-content\\\/uploads\\\/2025\\\/04\\\/degreed-blog-1.png\",\"url\":\"https:\\\/\\\/explore.degreed.com\\\/wp-content\\\/uploads\\\/2025\\\/04\\\/degreed-blog-1.png\",\"contentUrl\":\"https:\\\/\\\/explore.degreed.com\\\/wp-content\\\/uploads\\\/2025\\\/04\\\/degreed-blog-1.png\",\"caption\":\"Degreed\"}}]}<\/script>\n<!-- \/ Yoast SEO Premium plugin. -->","yoast_head_json":{"title":"Dasa lance son acad\u00e9mie de formation technologique avec Degreed - Degreed","robots":{"index":"index","follow":"follow","max-snippet":"max-snippet:-1","max-image-preview":"max-image-preview:large","max-video-preview":"max-video-preview:-1"},"canonical":"https:\/\/degreed.com\/experience\/fr\/blog\/avec-laide-de-degreed-dasa-lance-son-academie-de-formation-technologique\/","og_locale":"fr_FR","og_type":"article","og_title":"Dasa lance son acad\u00e9mie de formation technologique avec Degreed","og_description":"Rodrigo Lima da Silva, notre invit\u00e9 blogueur du jour, est analyste de la formation chez Dasa. Dasa est le plus grand r\u00e9seau int\u00e9gr\u00e9 de services de sant\u00e9 du Br\u00e9sil. Nos activit\u00e9s concernent plus de 20&nbsp;millions de personnes chaque ann\u00e9e, et notre approche des soins est pr\u00e9ventive, pr\u00e9dictive et personnalis\u00e9e. Gr\u00e2ce \u00e0 des investissements massifs dans [&hellip;]","og_url":"https:\/\/degreed.com\/experience\/fr\/blog\/avec-laide-de-degreed-dasa-lance-son-academie-de-formation-technologique\/","og_site_name":"Degreed","article_publisher":"https:\/\/www.facebook.com\/DegreedOfficial","article_published_time":"2023-06-22T17:50:47+00:00","article_modified_time":"2026-03-28T09:46:16+00:00","og_image":[{"width":1200,"height":1200,"url":"https:\/\/explore.degreed.com\/wp-content\/uploads\/2025\/04\/1_10_23_DASA_Blog-Header-1200x1200-1.png","type":"image\/png"}],"author":"Degreed","twitter_card":"summary_large_image","twitter_creator":"@degreed","twitter_site":"@degreed","twitter_misc":{"\u00c9crit par":"Degreed","Dur\u00e9e de lecture estim\u00e9e":"4 minutes"},"schema":{"@context":"https:\/\/schema.org","@graph":[{"@type":"Article","@id":"https:\/\/degreed.com\/experience\/fr\/blog\/avec-laide-de-degreed-dasa-lance-son-academie-de-formation-technologique\/#article","isPartOf":{"@id":"https:\/\/degreed.com\/experience\/fr\/blog\/avec-laide-de-degreed-dasa-lance-son-academie-de-formation-technologique\/"},"author":{"name":"Degreed","@id":"https:\/\/degreed.com\/experience\/fr\/#\/schema\/person\/46da863d759406cd094925b347efd072"},"headline":"Dasa lance son acad\u00e9mie de formation technologique avec Degreed","datePublished":"2023-06-22T17:50:47+00:00","dateModified":"2026-03-28T09:46:16+00:00","mainEntityOfPage":{"@id":"https:\/\/degreed.com\/experience\/fr\/blog\/avec-laide-de-degreed-dasa-lance-son-academie-de-formation-technologique\/"},"wordCount":909,"publisher":{"@id":"https:\/\/degreed.com\/experience\/fr\/#organization"},"image":{"@id":"https:\/\/degreed.com\/experience\/fr\/blog\/avec-laide-de-degreed-dasa-lance-son-academie-de-formation-technologique\/#primaryimage"},"thumbnailUrl":"https:\/\/explore.degreed.com\/wp-content\/uploads\/2025\/04\/1_10_23_DASA_Blog-Header-1200x1200-1.png","keywords":["Degreed France"],"inLanguage":"fr-FR"},{"@type":"WebPage","@id":"https:\/\/degreed.com\/experience\/fr\/blog\/avec-laide-de-degreed-dasa-lance-son-academie-de-formation-technologique\/","url":"https:\/\/degreed.com\/experience\/fr\/blog\/avec-laide-de-degreed-dasa-lance-son-academie-de-formation-technologique\/","name":"Dasa lance son acad\u00e9mie de formation technologique avec Degreed - Degreed","isPartOf":{"@id":"https:\/\/degreed.com\/experience\/fr\/#website"},"primaryImageOfPage":{"@id":"https:\/\/degreed.com\/experience\/fr\/blog\/avec-laide-de-degreed-dasa-lance-son-academie-de-formation-technologique\/#primaryimage"},"image":{"@id":"https:\/\/degreed.com\/experience\/fr\/blog\/avec-laide-de-degreed-dasa-lance-son-academie-de-formation-technologique\/#primaryimage"},"thumbnailUrl":"https:\/\/explore.degreed.com\/wp-content\/uploads\/2025\/04\/1_10_23_DASA_Blog-Header-1200x1200-1.png","datePublished":"2023-06-22T17:50:47+00:00","dateModified":"2026-03-28T09:46:16+00:00","breadcrumb":{"@id":"https:\/\/degreed.com\/experience\/fr\/blog\/avec-laide-de-degreed-dasa-lance-son-academie-de-formation-technologique\/#breadcrumb"},"inLanguage":"fr-FR","potentialAction":[{"@type":"ReadAction","target":["https:\/\/degreed.com\/experience\/fr\/blog\/avec-laide-de-degreed-dasa-lance-son-academie-de-formation-technologique\/"]}]},{"@type":"ImageObject","inLanguage":"fr-FR","@id":"https:\/\/degreed.com\/experience\/fr\/blog\/avec-laide-de-degreed-dasa-lance-son-academie-de-formation-technologique\/#primaryimage","url":"https:\/\/explore.degreed.com\/wp-content\/uploads\/2025\/04\/1_10_23_DASA_Blog-Header-1200x1200-1.png","contentUrl":"https:\/\/explore.degreed.com\/wp-content\/uploads\/2025\/04\/1_10_23_DASA_Blog-Header-1200x1200-1.png","width":1200,"height":1200},{"@type":"BreadcrumbList","@id":"https:\/\/degreed.com\/experience\/fr\/blog\/avec-laide-de-degreed-dasa-lance-son-academie-de-formation-technologique\/#breadcrumb","itemListElement":[{"@type":"ListItem","position":1,"name":"Home","item":"https:\/\/degreed.com\/experience\/fr\/"},{"@type":"ListItem","position":2,"name":"Dasa lance son acad\u00e9mie de formation technologique avec Degreed"}]},{"@type":"WebSite","@id":"https:\/\/degreed.com\/experience\/fr\/#website","url":"https:\/\/degreed.com\/experience\/fr\/","name":"Degreed","description":"The Learning and Upskilling Platform","publisher":{"@id":"https:\/\/degreed.com\/experience\/fr\/#organization"},"potentialAction":[{"@type":"SearchAction","target":{"@type":"EntryPoint","urlTemplate":"https:\/\/degreed.com\/experience\/fr\/?s={search_term_string}"},"query-input":{"@type":"PropertyValueSpecification","valueRequired":true,"valueName":"search_term_string"}}],"inLanguage":"fr-FR"},{"@type":"Organization","@id":"https:\/\/degreed.com\/experience\/fr\/#organization","name":"Degreed","url":"https:\/\/degreed.com\/experience\/fr\/","logo":{"@type":"ImageObject","inLanguage":"fr-FR","@id":"https:\/\/degreed.com\/experience\/fr\/#\/schema\/logo\/image\/","url":"https:\/\/explore.degreed.com\/wp-content\/uploads\/2023\/05\/logo.svg","contentUrl":"https:\/\/explore.degreed.com\/wp-content\/uploads\/2023\/05\/logo.svg","caption":"Degreed"},"image":{"@id":"https:\/\/degreed.com\/experience\/fr\/#\/schema\/logo\/image\/"},"sameAs":["https:\/\/www.facebook.com\/DegreedOfficial","https:\/\/x.com\/degreed","https:\/\/www.linkedin.com\/company\/degreed\/","https:\/\/www.youtube.com\/channel\/UCkH3pyPKVngvsZzZlmoH-Mw","https:\/\/www.instagram.com\/degreed\/"],"numberOfEmployees":{"@type":"QuantitativeValue","minValue":"201","maxValue":"500"}},{"@type":"Person","@id":"https:\/\/degreed.com\/experience\/fr\/#\/schema\/person\/46da863d759406cd094925b347efd072","name":"Degreed","image":{"@type":"ImageObject","inLanguage":"fr-FR","@id":"https:\/\/explore.degreed.com\/wp-content\/uploads\/2025\/04\/degreed-blog-1.png","url":"https:\/\/explore.degreed.com\/wp-content\/uploads\/2025\/04\/degreed-blog-1.png","contentUrl":"https:\/\/explore.degreed.com\/wp-content\/uploads\/2025\/04\/degreed-blog-1.png","caption":"Degreed"}}]}},"publishpress_future_workflow_manual_trigger":{"enabledWorkflows":[]},"_links":{"self":[{"href":"https:\/\/explore.degreed.com\/experience\/fr\/wp-json\/wp\/v2\/posts\/64330","targetHints":{"allow":["GET"]}}],"collection":[{"href":"https:\/\/explore.degreed.com\/experience\/fr\/wp-json\/wp\/v2\/posts"}],"about":[{"href":"https:\/\/explore.degreed.com\/experience\/fr\/wp-json\/wp\/v2\/types\/post"}],"author":[{"embeddable":true,"href":"https:\/\/explore.degreed.com\/experience\/fr\/wp-json\/wp\/v2\/users\/56"}],"replies":[{"embeddable":true,"href":"https:\/\/explore.degreed.com\/experience\/fr\/wp-json\/wp\/v2\/comments?post=64330"}],"version-history":[{"count":0,"href":"https:\/\/explore.degreed.com\/experience\/fr\/wp-json\/wp\/v2\/posts\/64330\/revisions"}],"wp:featuredmedia":[{"embeddable":true,"href":"https:\/\/explore.degreed.com\/experience\/fr\/wp-json\/wp\/v2\/media\/64164"}],"wp:attachment":[{"href":"https:\/\/explore.degreed.com\/experience\/fr\/wp-json\/wp\/v2\/media?parent=64330"}],"wp:term":[{"taxonomy":"category","embeddable":true,"href":"https:\/\/explore.degreed.com\/experience\/fr\/wp-json\/wp\/v2\/categories?post=64330"},{"taxonomy":"post_tag","embeddable":true,"href":"https:\/\/explore.degreed.com\/experience\/fr\/wp-json\/wp\/v2\/tags?post=64330"},{"taxonomy":"post_folder","embeddable":true,"href":"https:\/\/explore.degreed.com\/experience\/fr\/wp-json\/wp\/v2\/post_folder?post=64330"}],"curies":[{"name":"wp","href":"https:\/\/api.w.org\/{rel}","templated":true}]}}