{"id":87422,"date":"2025-10-28T21:59:27","date_gmt":"2025-10-28T21:59:27","guid":{"rendered":"https:\/\/degreed.com\/experience\/?p=87422"},"modified":"2025-11-11T14:51:27","modified_gmt":"2025-11-11T14:51:27","slug":"align-chros-clos-cios-to-grow-ai-adoption","status":"publish","type":"post","link":"https:\/\/degreed.com\/experience\/fr\/blog\/align-chros-clos-cios-to-grow-ai-adoption\/","title":{"rendered":"Mobilisez les dirigeants de votre entreprise pour favoriser l\u2019adoption de l\u2019IA"},"content":{"rendered":"\n<p>La lassitude li\u00e9e \u00e0 l\u2019IA est bien r\u00e9elle, et elle menace d\u00e9j\u00e0 les performances des entreprises.<\/p>\n\n\n\n<p>Des d\u00e9ploiements successifs de nouveaux outils, sans p\u00e9riode d\u2019adaptation suffisante, entra\u00eenent une lassitude face au changement, une adoption partielle et un d\u00e9sengagement. Quand les collaborateurs se sentent d\u00e9pass\u00e9s ou peu soutenus, la productivit\u00e9 chute et les performances s\u2019en ressentent.<\/p>\n\n\n\n<p>Pourtant, votre entreprise a besoin d\u2019une adoption \u00e0 grande \u00e9chelle pour rester comp\u00e9titive, mesurer son ROI et continuer \u00e0 cro\u00eetre.<\/p>\n\n\n\n<p>En tant que leader, vous pouvez faciliter cette transition.<\/p>\n\n\n\n<p>Dans ces moments de rupture, la force collective et la confiance des \u00e9quipes font toute la diff\u00e9rence. Lorsque les DRH et les DSI coordonnent leurs efforts en mati\u00e8re de d\u00e9veloppement des comp\u00e9tences en\u00a0IA, de collaboration transversale et de gouvernance \u00e9thique, <a href=\"https:\/\/get.degreed.com\/fr-fr\/how-the-workforce-learns\">les entreprises ont <strong>trois fois plus de chances de bien pr\u00e9parer leurs talents \u00e0 la GenAI<\/strong><\/a>.\u00a0<\/p>\n\n\n\n<p>Pour y parvenir, l\u2019\u00e9quipe de direction doit parler d\u2019une seule voix et offrir aux collaborateurs la vision et l\u2019accompagnement n\u00e9cessaire pour progresser.&nbsp;<\/p>\n\n\n\n<h3 class=\"wp-block-heading\" id=\"h-l-ia-nbsp-un-defi-collectif-pour-les-rh-la-formation-et-la-dsi\">L\u2019IA&nbsp;: un d\u00e9fi collectif pour les RH, la formation et la DSI<\/h3>\n\n\n\n<p>Lorsque l&rsquo;on saisit la cl\u00e9 de cette transition, \u00e0 savoir <strong>former<\/strong> <strong>des personnes<\/strong> \u00e0 une nouvelle <strong>technologie<\/strong>, il devient \u00e9vident que les responsables des ressources humaines, de la formation, des talents et des syst\u00e8mes d\u2019information ont tous un r\u00f4le crucial \u00e0 jouer.&nbsp;<\/p>\n\n\n\n<p>Et il devient alors \u00e9vident que, pour aider les \u00e9quipes \u00e0 tirer pleinement parti de l\u2019IA, une d\u00e9marche concert\u00e9e est essentielle.<\/p>\n\n\n\n<h3 class=\"wp-block-heading\" id=\"h-l-art-de-rassembler-autour-de-l-ia\">L\u2019art de rassembler autour de l\u2019IA<\/h3>\n\n\n\n<p>Les collaborateurs ne sont pas hostiles \u00e0 l\u2019IA, mais au flou qui l\u2019accompagne.&nbsp;<\/p>\n\n\n\n<p>Ils sont fatigu\u00e9s des priorit\u00e9s contradictoires, des outils qui changent sans cesse et des r\u00e9ponses qui n\u2019arrivent jamais. Pour favoriser une adoption durable, alignez RH, L&D et IT autour d\u2019un objectif commun&nbsp;: apporter de la clart\u00e9 et une direction coh\u00e9rente, au service des objectifs de l\u2019entreprise. Lorsque chacun comprend le \u00ab&nbsp;pourquoi&nbsp;\u00bb et le \u00ab&nbsp;comment&nbsp;\u00bb, l\u2019adoption cesse d\u2019\u00eatre une contrainte pour devenir un vrai moteur d\u2019\u00e9volution.<\/p>\n\n\n\n<p>Une fois que tous les dirigeants sont mobilis\u00e9s, voici les chantiers \u00e0 mener ensemble&nbsp;:<\/p>\n\n\n\n<ol class=\"wp-block-list\">\n<li>D\u00e9finir une charte claire d\u2019utilisation de l\u2019IA.<\/li>\n<\/ol>\n\n\n\n<p>Les collaborateurs doivent savoir ce qui est autoris\u00e9 avec l\u2019IA, et ce qui ne l\u2019est pas. Personne ne souhaite mettre l\u2019entreprise en danger, mais sans strat\u00e9gie claire ni cadre d\u00e9fini, chacun improvise. Qu\u2019il s\u2019agisse des plateformes utilis\u00e9es, de la mani\u00e8re de s&rsquo;en servir ou des usages autoris\u00e9s, vos \u00e9quipes ont besoin de rep\u00e8res solides.&nbsp;<\/p>\n\n\n\n<p>Voici quelques questions pour orienter votre r\u00e9flexion&nbsp;:<\/p>\n\n\n\n<ul class=\"wp-block-list\">\n<li>Qu\u2019est-ce qu&rsquo;une utilisation s\u00fbre de l\u2019IA pour vous&nbsp;?&nbsp;<\/li>\n\n\n\n<li>Que signifie l\u2019utiliser de mani\u00e8re responsable dans votre entreprise&nbsp;?&nbsp;<\/li>\n\n\n\n<li>Votre entreprise est-elle soumise \u00e0 des r\u00e9glementations sp\u00e9cifiques&nbsp;? (par exemple, la Loi europ\u00e9enne sur l&rsquo;intelligence artificielle)<\/li>\n\n\n\n<li>Quelles plateformes sont autoris\u00e9es&nbsp;? Lesquelles sont interdites&nbsp;? Pourquoi&nbsp;?<\/li>\n\n\n\n<li>Quelles t\u00e2ches peuvent \u00eatre confi\u00e9es \u00e0 l\u2019IA et lesquelles doivent rester humaines&nbsp;? (Une phase de test peut \u00eatre utile \u00e0 ce stade.)<\/li>\n\n\n\n<li>Qu\u2019attend-on des collaborateurs dans l\u2019usage de l\u2019IA&nbsp;?<br><\/li>\n<\/ul>\n\n\n\n<ol start=\"2\" class=\"wp-block-list\">\n<li>\u00c9laborer un plan d\u2019action.<\/li>\n<\/ol>\n\n\n\n<p>Au c\u0153ur de cette transformation sans pr\u00e9c\u00e9dent, les dirigeants doivent d\u00e9finir clairement le r\u00f4le de chaque service dans l\u2019adoption de l\u2019IA. Certaines parties du processus gagneront \u00e0 \u00eatre pilot\u00e9es par des \u00e9quipes sp\u00e9cifiques, d\u2019autres \u00e0 \u00eatre men\u00e9es de fa\u00e7on transversale. La r\u00e9ussite passe par la clart\u00e9.<\/p>\n\n\n\n<p>Voici quelques questions \u00e0 vous poser pour structurer votre plan&nbsp;:<\/p>\n\n\n\n<ul class=\"wp-block-list\">\n<li>Qui sera responsable de la gouvernance des outils d\u2019IA&nbsp;?<\/li>\n\n\n\n<li>Qui diffusera les informations et bonnes pratiques aupr\u00e8s des \u00e9quipes&nbsp;?<\/li>\n\n\n\n<li>Qui concevra les programmes de formation et de mont\u00e9e en comp\u00e9tences avec l&rsquo;IA&nbsp;?<\/li>\n\n\n\n<li>Comment les collaborateurs seront-ils form\u00e9s aux bons usages&nbsp;?<\/li>\n\n\n\n<li>Comment allez-vous collaborer au quotidien, chaque semaine ou chaque mois, pour rester en phase&nbsp;?<\/li>\n<\/ul>\n\n\n\n<h3 class=\"wp-block-heading\" id=\"h-la-coherence-moteur-d-adoption-de-l-ia\">La coh\u00e9rence, moteur d\u2019adoption de l\u2019IA<\/h3>\n\n\n\n<p>Pourquoi les entreprises o\u00f9 les dirigeants sont align\u00e9s r\u00e9ussissent-elles mieux \u00e0 pr\u00e9parer leurs \u00e9quipes \u00e0 l\u2019IA&nbsp;? Parce que leur personnel peuvent s&rsquo;appuyer sur deux ressources pour apprendre \u00e0 ma\u00eetriser l\u2019IA g\u00e9n\u00e9rative&nbsp;: l\u2019accompagnement et l\u2019infrastructure.<\/p>\n\n\n\n<figure class=\"wp-block-image size-large\"><img loading=\"lazy\" decoding=\"async\" width=\"1024\" height=\"576\" src=\"https:\/\/explore.degreed.com\/wp-content\/uploads\/2025\/11\/XTM_HWL-Launch-Assets_Social_Localization_fr_FR_V4-1024x576.png\" alt=\"\" class=\"wp-image-87425\"\/><\/figure>\n\n\n\n<p>Une fois cette coh\u00e9rence \u00e9tablie, vous pouvez aider vos \u00e9quipes \u00e0 s\u2019approprier l\u2019IA en toute confiance, gr\u00e2ce \u00e0 des exp\u00e9riences de formation pratiques qui m\u00ealent mises en situation et autoformation.<\/p>\n\n\n\n<p>Dans le cadre de leur parcours, les collaborateurs peuvent aussi tester l\u2019IA dans la limite des r\u00e8gles \u00e9tablies. La formation exp\u00e9rientielle reste l\u2019un des moyens les plus efficaces pour d\u00e9velopper des comp\u00e9tences. Au fil des essais et des erreurs, chacun \u00e9value l&rsquo;apport r\u00e9el des outils d\u2019IA pour diff\u00e9rents besoins dans l\u2019entreprise.<\/p>\n\n\n\n<p>Ma\u00eetriser les usages, c\u2019est la meilleure arme contre la lassitude li\u00e9e \u00e0 l\u2019IA.  Compar\u00e9s aux autres, les utilisateurs de GenAI qui se consid\u00e8rent <em>les plus \u00e0 l&rsquo;aise<\/em> sont&nbsp;:<\/p>\n\n\n\n<ul class=\"wp-block-list\">\n<li>Pr\u00e8s de deux fois plus enclins \u00e0 utiliser la GenAI au quotidien<\/li>\n\n\n\n<li>Quatre fois plus enclins \u00e0 l\u2019appliquer \u00e0 des probl\u00e8mes concrets<\/li>\n\n\n\n<li>32&nbsp;% plus enclins \u00e0 se former au travail<\/li>\n\n\n\n<li>38&nbsp;% plus enclins \u00e0 b\u00e9n\u00e9ficier de l\u2019aide de coll\u00e8gues et mentors<\/li>\n\n\n\n<li>77&nbsp;fois plus enclins \u00e0 utiliser et ma\u00eetriser la GenAI<\/li>\n<\/ul>\n\n\n\n<figure class=\"wp-block-image size-full\"><img loading=\"lazy\" decoding=\"async\" width=\"1281\" height=\"250\" src=\"https:\/\/explore.degreed.com\/wp-content\/uploads\/2025\/07\/HWL-Blog-CTA_fr_FR_HWL-Blog-CTA-1.png\" alt=\"\" class=\"wp-image-86149\"\/><\/figure>\n\n\n\n<p>Lorqu&rsquo;ils savent comment s&rsquo;y prendre, vos collaborateurs ne perdent plus de temps \u00e0 tout d\u00e9coder&nbsp;: ils ont d\u00e9sormais les rep\u00e8res, les limites et les ressources dont ils ont besoin. Ils abordent l\u2019IA avec un regard neuf, pr\u00eats \u00e0 tester, apprendre et \u00e9voluer avec une \u00e9nergie renouvel\u00e9e.<\/p>\n\n\n\n<p><\/p>\n","protected":false},"excerpt":{"rendered":"<p>La lassitude li\u00e9e \u00e0 l\u2019IA est bien r\u00e9elle, et elle menace d\u00e9j\u00e0 les performances des entreprises. Des d\u00e9ploiements successifs de nouveaux outils, sans p\u00e9riode d\u2019adaptation suffisante, entra\u00eenent une lassitude face au changement, une adoption partielle et un d\u00e9sengagement. Quand les collaborateurs se sentent d\u00e9pass\u00e9s ou peu soutenus, la productivit\u00e9 chute et les performances s\u2019en ressentent. [&hellip;]<\/p>\n","protected":false},"author":120,"featured_media":87287,"comment_status":"closed","ping_status":"closed","sticky":false,"template":"","format":"standard","meta":{"_acf_changed":false,"inline_featured_image":false,"footnotes":""},"categories":[641,669],"tags":[726,808,856,643,864],"post_folder":[],"class_list":["post-87422","post","type-post","status-publish","format-standard","has-post-thumbnail","hentry","category-ai-innovation-in-learning","category-workforce-business-impact","tag-agilite-de-lentreprise","tag-comment-se-forment-les-collaborateurs","tag-formation-au-leadership","tag-artificial-intelligence","tag-performances-de-lentreprise"],"acf":[],"yoast_head":"<!-- This site is optimized with the Yoast SEO Premium plugin v27.4 (Yoast SEO v27.4) - https:\/\/yoast.com\/product\/yoast-seo-premium-wordpress\/ -->\n<title>Mobilisez les dirigeants de votre entreprise pour favoriser l\u2019adoption de l\u2019IA - Degreed<\/title>\n<meta name=\"description\" content=\"F\u00e9d\u00e9rez les responsables RH, formation et IT pour acc\u00e9l\u00e9rer l\u2019adoption de l\u2019IA et accompagner vos \u00e9quipes.\" \/>\n<meta name=\"robots\" content=\"index, follow, max-snippet:-1, max-image-preview:large, max-video-preview:-1\" \/>\n<link rel=\"canonical\" href=\"https:\/\/degreed.com\/experience\/fr\/blog\/align-chros-clos-cios-to-grow-ai-adoption\/\" \/>\n<meta property=\"og:locale\" content=\"fr_FR\" \/>\n<meta property=\"og:type\" content=\"article\" \/>\n<meta property=\"og:title\" content=\"Mobilisez les dirigeants de votre entreprise pour favoriser l\u2019adoption de l\u2019IA\" \/>\n<meta property=\"og:description\" content=\"F\u00e9d\u00e9rez les responsables RH, formation et IT pour acc\u00e9l\u00e9rer l\u2019adoption de l\u2019IA et accompagner vos \u00e9quipes.\" \/>\n<meta property=\"og:url\" content=\"https:\/\/degreed.com\/experience\/fr\/blog\/align-chros-clos-cios-to-grow-ai-adoption\/\" \/>\n<meta property=\"og:site_name\" content=\"Degreed\" \/>\n<meta property=\"article:publisher\" content=\"https:\/\/www.facebook.com\/DegreedOfficial\" \/>\n<meta property=\"article:published_time\" content=\"2025-10-28T21:59:27+00:00\" \/>\n<meta property=\"article:modified_time\" content=\"2025-11-11T14:51:27+00:00\" \/>\n<meta property=\"og:image\" content=\"https:\/\/explore.degreed.com\/wp-content\/uploads\/2025\/10\/9-22-25-AI-Fatigue_Blog-Header-1200x1200-1.png\" \/>\n\t<meta property=\"og:image:width\" content=\"1200\" \/>\n\t<meta property=\"og:image:height\" content=\"1200\" \/>\n\t<meta property=\"og:image:type\" content=\"image\/png\" \/>\n<meta name=\"author\" content=\"Susie Lee\" \/>\n<meta name=\"twitter:card\" content=\"summary_large_image\" \/>\n<meta name=\"twitter:creator\" content=\"@degreed\" \/>\n<meta name=\"twitter:site\" content=\"@degreed\" \/>\n<meta name=\"twitter:label1\" content=\"\u00c9crit par\" \/>\n\t<meta name=\"twitter:data1\" content=\"Susie Lee\" \/>\n\t<meta name=\"twitter:label2\" content=\"Dur\u00e9e de lecture estim\u00e9e\" \/>\n\t<meta name=\"twitter:data2\" content=\"1 minute\" \/>\n<script type=\"application\/ld+json\" class=\"yoast-schema-graph\">{\"@context\":\"https:\\\/\\\/schema.org\",\"@graph\":[{\"@type\":\"Article\",\"@id\":\"https:\\\/\\\/degreed.com\\\/experience\\\/fr\\\/blog\\\/align-chros-clos-cios-to-grow-ai-adoption\\\/#article\",\"isPartOf\":{\"@id\":\"https:\\\/\\\/degreed.com\\\/experience\\\/fr\\\/blog\\\/align-chros-clos-cios-to-grow-ai-adoption\\\/\"},\"author\":{\"name\":\"Susie Lee\",\"@id\":\"https:\\\/\\\/degreed.com\\\/experience\\\/fr\\\/#\\\/schema\\\/person\\\/b3a491fae2121ea4f5773d2e0486cad2\"},\"headline\":\"Mobilisez les dirigeants de votre entreprise pour favoriser l\u2019adoption de l\u2019IA\",\"datePublished\":\"2025-10-28T21:59:27+00:00\",\"dateModified\":\"2025-11-11T14:51:27+00:00\",\"mainEntityOfPage\":{\"@id\":\"https:\\\/\\\/degreed.com\\\/experience\\\/fr\\\/blog\\\/align-chros-clos-cios-to-grow-ai-adoption\\\/\"},\"wordCount\":1005,\"publisher\":{\"@id\":\"https:\\\/\\\/degreed.com\\\/experience\\\/fr\\\/#organization\"},\"image\":{\"@id\":\"https:\\\/\\\/degreed.com\\\/experience\\\/fr\\\/blog\\\/align-chros-clos-cios-to-grow-ai-adoption\\\/#primaryimage\"},\"thumbnailUrl\":\"https:\\\/\\\/explore.degreed.com\\\/wp-content\\\/uploads\\\/2025\\\/10\\\/9-22-25-AI-Fatigue_Blog-Header-1200x1200-1.png\",\"keywords\":[\"Agilit\u00e9 de l\u2019entreprise\",\"Comment se forment les collaborateurs\u00a0?\",\"Formation au leadership\",\"Intelligence artificielle\",\"Performances de l\u2019entreprise\"],\"articleSection\":[\"IA et innovations learning\u00a0\",\"Impact sur l\u2019activit\u00e9 et les collaborateurs\"],\"inLanguage\":\"fr-FR\"},{\"@type\":\"WebPage\",\"@id\":\"https:\\\/\\\/degreed.com\\\/experience\\\/fr\\\/blog\\\/align-chros-clos-cios-to-grow-ai-adoption\\\/\",\"url\":\"https:\\\/\\\/degreed.com\\\/experience\\\/fr\\\/blog\\\/align-chros-clos-cios-to-grow-ai-adoption\\\/\",\"name\":\"Mobilisez les dirigeants de votre entreprise pour favoriser l\u2019adoption de l\u2019IA - Degreed\",\"isPartOf\":{\"@id\":\"https:\\\/\\\/degreed.com\\\/experience\\\/fr\\\/#website\"},\"primaryImageOfPage\":{\"@id\":\"https:\\\/\\\/degreed.com\\\/experience\\\/fr\\\/blog\\\/align-chros-clos-cios-to-grow-ai-adoption\\\/#primaryimage\"},\"image\":{\"@id\":\"https:\\\/\\\/degreed.com\\\/experience\\\/fr\\\/blog\\\/align-chros-clos-cios-to-grow-ai-adoption\\\/#primaryimage\"},\"thumbnailUrl\":\"https:\\\/\\\/explore.degreed.com\\\/wp-content\\\/uploads\\\/2025\\\/10\\\/9-22-25-AI-Fatigue_Blog-Header-1200x1200-1.png\",\"datePublished\":\"2025-10-28T21:59:27+00:00\",\"dateModified\":\"2025-11-11T14:51:27+00:00\",\"description\":\"F\u00e9d\u00e9rez les responsables RH, formation et IT pour acc\u00e9l\u00e9rer l\u2019adoption de l\u2019IA et accompagner vos \u00e9quipes.\",\"breadcrumb\":{\"@id\":\"https:\\\/\\\/degreed.com\\\/experience\\\/fr\\\/blog\\\/align-chros-clos-cios-to-grow-ai-adoption\\\/#breadcrumb\"},\"inLanguage\":\"fr-FR\",\"potentialAction\":[{\"@type\":\"ReadAction\",\"target\":[\"https:\\\/\\\/degreed.com\\\/experience\\\/fr\\\/blog\\\/align-chros-clos-cios-to-grow-ai-adoption\\\/\"]}]},{\"@type\":\"ImageObject\",\"inLanguage\":\"fr-FR\",\"@id\":\"https:\\\/\\\/degreed.com\\\/experience\\\/fr\\\/blog\\\/align-chros-clos-cios-to-grow-ai-adoption\\\/#primaryimage\",\"url\":\"https:\\\/\\\/explore.degreed.com\\\/wp-content\\\/uploads\\\/2025\\\/10\\\/9-22-25-AI-Fatigue_Blog-Header-1200x1200-1.png\",\"contentUrl\":\"https:\\\/\\\/explore.degreed.com\\\/wp-content\\\/uploads\\\/2025\\\/10\\\/9-22-25-AI-Fatigue_Blog-Header-1200x1200-1.png\",\"width\":1200,\"height\":1200},{\"@type\":\"BreadcrumbList\",\"@id\":\"https:\\\/\\\/degreed.com\\\/experience\\\/fr\\\/blog\\\/align-chros-clos-cios-to-grow-ai-adoption\\\/#breadcrumb\",\"itemListElement\":[{\"@type\":\"ListItem\",\"position\":1,\"name\":\"Home\",\"item\":\"https:\\\/\\\/degreed.com\\\/experience\\\/fr\\\/\"},{\"@type\":\"ListItem\",\"position\":2,\"name\":\"Mobilisez les dirigeants de votre entreprise pour favoriser l\u2019adoption de l\u2019IA\"}]},{\"@type\":\"WebSite\",\"@id\":\"https:\\\/\\\/degreed.com\\\/experience\\\/fr\\\/#website\",\"url\":\"https:\\\/\\\/degreed.com\\\/experience\\\/fr\\\/\",\"name\":\"Degreed\",\"description\":\"The Learning and Upskilling Platform\",\"publisher\":{\"@id\":\"https:\\\/\\\/degreed.com\\\/experience\\\/fr\\\/#organization\"},\"potentialAction\":[{\"@type\":\"SearchAction\",\"target\":{\"@type\":\"EntryPoint\",\"urlTemplate\":\"https:\\\/\\\/degreed.com\\\/experience\\\/fr\\\/?s={search_term_string}\"},\"query-input\":{\"@type\":\"PropertyValueSpecification\",\"valueRequired\":true,\"valueName\":\"search_term_string\"}}],\"inLanguage\":\"fr-FR\"},{\"@type\":\"Organization\",\"@id\":\"https:\\\/\\\/degreed.com\\\/experience\\\/fr\\\/#organization\",\"name\":\"Degreed\",\"url\":\"https:\\\/\\\/degreed.com\\\/experience\\\/fr\\\/\",\"logo\":{\"@type\":\"ImageObject\",\"inLanguage\":\"fr-FR\",\"@id\":\"https:\\\/\\\/degreed.com\\\/experience\\\/fr\\\/#\\\/schema\\\/logo\\\/image\\\/\",\"url\":\"https:\\\/\\\/explore.degreed.com\\\/wp-content\\\/uploads\\\/2023\\\/05\\\/logo.svg\",\"contentUrl\":\"https:\\\/\\\/explore.degreed.com\\\/wp-content\\\/uploads\\\/2023\\\/05\\\/logo.svg\",\"caption\":\"Degreed\"},\"image\":{\"@id\":\"https:\\\/\\\/degreed.com\\\/experience\\\/fr\\\/#\\\/schema\\\/logo\\\/image\\\/\"},\"sameAs\":[\"https:\\\/\\\/www.facebook.com\\\/DegreedOfficial\",\"https:\\\/\\\/x.com\\\/degreed\",\"https:\\\/\\\/www.linkedin.com\\\/company\\\/degreed\\\/\",\"https:\\\/\\\/www.youtube.com\\\/channel\\\/UCkH3pyPKVngvsZzZlmoH-Mw\",\"https:\\\/\\\/www.instagram.com\\\/degreed\\\/\"],\"numberOfEmployees\":{\"@type\":\"QuantitativeValue\",\"minValue\":\"201\",\"maxValue\":\"500\"}},{\"@type\":\"Person\",\"@id\":\"https:\\\/\\\/degreed.com\\\/experience\\\/fr\\\/#\\\/schema\\\/person\\\/b3a491fae2121ea4f5773d2e0486cad2\",\"name\":\"Susie Lee\",\"image\":{\"@type\":\"ImageObject\",\"inLanguage\":\"fr-FR\",\"@id\":\"https:\\\/\\\/explore.degreed.com\\\/wp-content\\\/uploads\\\/2025\\\/04\\\/degreed-blog-1.png\",\"url\":\"https:\\\/\\\/explore.degreed.com\\\/wp-content\\\/uploads\\\/2025\\\/04\\\/degreed-blog-1.png\",\"contentUrl\":\"https:\\\/\\\/explore.degreed.com\\\/wp-content\\\/uploads\\\/2025\\\/04\\\/degreed-blog-1.png\",\"caption\":\"Susie Lee\"},\"description\":\"Susie Lee is senior vice president and global business transformation officer at Degreed.\"}]}<\/script>\n<!-- \/ Yoast SEO Premium plugin. -->","yoast_head_json":{"title":"Mobilisez les dirigeants de votre entreprise pour favoriser l\u2019adoption de l\u2019IA - Degreed","description":"F\u00e9d\u00e9rez les responsables RH, formation et IT pour acc\u00e9l\u00e9rer l\u2019adoption de l\u2019IA et accompagner vos \u00e9quipes.","robots":{"index":"index","follow":"follow","max-snippet":"max-snippet:-1","max-image-preview":"max-image-preview:large","max-video-preview":"max-video-preview:-1"},"canonical":"https:\/\/degreed.com\/experience\/fr\/blog\/align-chros-clos-cios-to-grow-ai-adoption\/","og_locale":"fr_FR","og_type":"article","og_title":"Mobilisez les dirigeants de votre entreprise pour favoriser l\u2019adoption de l\u2019IA","og_description":"F\u00e9d\u00e9rez les responsables RH, formation et IT pour acc\u00e9l\u00e9rer l\u2019adoption de l\u2019IA et accompagner vos \u00e9quipes.","og_url":"https:\/\/degreed.com\/experience\/fr\/blog\/align-chros-clos-cios-to-grow-ai-adoption\/","og_site_name":"Degreed","article_publisher":"https:\/\/www.facebook.com\/DegreedOfficial","article_published_time":"2025-10-28T21:59:27+00:00","article_modified_time":"2025-11-11T14:51:27+00:00","og_image":[{"width":1200,"height":1200,"url":"https:\/\/explore.degreed.com\/wp-content\/uploads\/2025\/10\/9-22-25-AI-Fatigue_Blog-Header-1200x1200-1.png","type":"image\/png"}],"author":"Susie Lee","twitter_card":"summary_large_image","twitter_creator":"@degreed","twitter_site":"@degreed","twitter_misc":{"\u00c9crit par":"Susie Lee","Dur\u00e9e de lecture estim\u00e9e":"1 minute"},"schema":{"@context":"https:\/\/schema.org","@graph":[{"@type":"Article","@id":"https:\/\/degreed.com\/experience\/fr\/blog\/align-chros-clos-cios-to-grow-ai-adoption\/#article","isPartOf":{"@id":"https:\/\/degreed.com\/experience\/fr\/blog\/align-chros-clos-cios-to-grow-ai-adoption\/"},"author":{"name":"Susie Lee","@id":"https:\/\/degreed.com\/experience\/fr\/#\/schema\/person\/b3a491fae2121ea4f5773d2e0486cad2"},"headline":"Mobilisez les dirigeants de votre entreprise pour favoriser l\u2019adoption de l\u2019IA","datePublished":"2025-10-28T21:59:27+00:00","dateModified":"2025-11-11T14:51:27+00:00","mainEntityOfPage":{"@id":"https:\/\/degreed.com\/experience\/fr\/blog\/align-chros-clos-cios-to-grow-ai-adoption\/"},"wordCount":1005,"publisher":{"@id":"https:\/\/degreed.com\/experience\/fr\/#organization"},"image":{"@id":"https:\/\/degreed.com\/experience\/fr\/blog\/align-chros-clos-cios-to-grow-ai-adoption\/#primaryimage"},"thumbnailUrl":"https:\/\/explore.degreed.com\/wp-content\/uploads\/2025\/10\/9-22-25-AI-Fatigue_Blog-Header-1200x1200-1.png","keywords":["Agilit\u00e9 de l\u2019entreprise","Comment se forment les collaborateurs\u00a0?","Formation au leadership","Intelligence artificielle","Performances de l\u2019entreprise"],"articleSection":["IA et innovations learning\u00a0","Impact sur l\u2019activit\u00e9 et les collaborateurs"],"inLanguage":"fr-FR"},{"@type":"WebPage","@id":"https:\/\/degreed.com\/experience\/fr\/blog\/align-chros-clos-cios-to-grow-ai-adoption\/","url":"https:\/\/degreed.com\/experience\/fr\/blog\/align-chros-clos-cios-to-grow-ai-adoption\/","name":"Mobilisez les dirigeants de votre entreprise pour favoriser l\u2019adoption de l\u2019IA - Degreed","isPartOf":{"@id":"https:\/\/degreed.com\/experience\/fr\/#website"},"primaryImageOfPage":{"@id":"https:\/\/degreed.com\/experience\/fr\/blog\/align-chros-clos-cios-to-grow-ai-adoption\/#primaryimage"},"image":{"@id":"https:\/\/degreed.com\/experience\/fr\/blog\/align-chros-clos-cios-to-grow-ai-adoption\/#primaryimage"},"thumbnailUrl":"https:\/\/explore.degreed.com\/wp-content\/uploads\/2025\/10\/9-22-25-AI-Fatigue_Blog-Header-1200x1200-1.png","datePublished":"2025-10-28T21:59:27+00:00","dateModified":"2025-11-11T14:51:27+00:00","description":"F\u00e9d\u00e9rez les responsables RH, formation et IT pour acc\u00e9l\u00e9rer l\u2019adoption de l\u2019IA et accompagner vos \u00e9quipes.","breadcrumb":{"@id":"https:\/\/degreed.com\/experience\/fr\/blog\/align-chros-clos-cios-to-grow-ai-adoption\/#breadcrumb"},"inLanguage":"fr-FR","potentialAction":[{"@type":"ReadAction","target":["https:\/\/degreed.com\/experience\/fr\/blog\/align-chros-clos-cios-to-grow-ai-adoption\/"]}]},{"@type":"ImageObject","inLanguage":"fr-FR","@id":"https:\/\/degreed.com\/experience\/fr\/blog\/align-chros-clos-cios-to-grow-ai-adoption\/#primaryimage","url":"https:\/\/explore.degreed.com\/wp-content\/uploads\/2025\/10\/9-22-25-AI-Fatigue_Blog-Header-1200x1200-1.png","contentUrl":"https:\/\/explore.degreed.com\/wp-content\/uploads\/2025\/10\/9-22-25-AI-Fatigue_Blog-Header-1200x1200-1.png","width":1200,"height":1200},{"@type":"BreadcrumbList","@id":"https:\/\/degreed.com\/experience\/fr\/blog\/align-chros-clos-cios-to-grow-ai-adoption\/#breadcrumb","itemListElement":[{"@type":"ListItem","position":1,"name":"Home","item":"https:\/\/degreed.com\/experience\/fr\/"},{"@type":"ListItem","position":2,"name":"Mobilisez les dirigeants de votre entreprise pour favoriser l\u2019adoption de l\u2019IA"}]},{"@type":"WebSite","@id":"https:\/\/degreed.com\/experience\/fr\/#website","url":"https:\/\/degreed.com\/experience\/fr\/","name":"Degreed","description":"The Learning and Upskilling Platform","publisher":{"@id":"https:\/\/degreed.com\/experience\/fr\/#organization"},"potentialAction":[{"@type":"SearchAction","target":{"@type":"EntryPoint","urlTemplate":"https:\/\/degreed.com\/experience\/fr\/?s={search_term_string}"},"query-input":{"@type":"PropertyValueSpecification","valueRequired":true,"valueName":"search_term_string"}}],"inLanguage":"fr-FR"},{"@type":"Organization","@id":"https:\/\/degreed.com\/experience\/fr\/#organization","name":"Degreed","url":"https:\/\/degreed.com\/experience\/fr\/","logo":{"@type":"ImageObject","inLanguage":"fr-FR","@id":"https:\/\/degreed.com\/experience\/fr\/#\/schema\/logo\/image\/","url":"https:\/\/explore.degreed.com\/wp-content\/uploads\/2023\/05\/logo.svg","contentUrl":"https:\/\/explore.degreed.com\/wp-content\/uploads\/2023\/05\/logo.svg","caption":"Degreed"},"image":{"@id":"https:\/\/degreed.com\/experience\/fr\/#\/schema\/logo\/image\/"},"sameAs":["https:\/\/www.facebook.com\/DegreedOfficial","https:\/\/x.com\/degreed","https:\/\/www.linkedin.com\/company\/degreed\/","https:\/\/www.youtube.com\/channel\/UCkH3pyPKVngvsZzZlmoH-Mw","https:\/\/www.instagram.com\/degreed\/"],"numberOfEmployees":{"@type":"QuantitativeValue","minValue":"201","maxValue":"500"}},{"@type":"Person","@id":"https:\/\/degreed.com\/experience\/fr\/#\/schema\/person\/b3a491fae2121ea4f5773d2e0486cad2","name":"Susie Lee","image":{"@type":"ImageObject","inLanguage":"fr-FR","@id":"https:\/\/explore.degreed.com\/wp-content\/uploads\/2025\/04\/degreed-blog-1.png","url":"https:\/\/explore.degreed.com\/wp-content\/uploads\/2025\/04\/degreed-blog-1.png","contentUrl":"https:\/\/explore.degreed.com\/wp-content\/uploads\/2025\/04\/degreed-blog-1.png","caption":"Susie Lee"},"description":"Susie Lee is senior vice president and global business transformation officer at Degreed."}]}},"publishpress_future_workflow_manual_trigger":{"enabledWorkflows":[]},"_links":{"self":[{"href":"https:\/\/explore.degreed.com\/experience\/fr\/wp-json\/wp\/v2\/posts\/87422","targetHints":{"allow":["GET"]}}],"collection":[{"href":"https:\/\/explore.degreed.com\/experience\/fr\/wp-json\/wp\/v2\/posts"}],"about":[{"href":"https:\/\/explore.degreed.com\/experience\/fr\/wp-json\/wp\/v2\/types\/post"}],"author":[{"embeddable":true,"href":"https:\/\/explore.degreed.com\/experience\/fr\/wp-json\/wp\/v2\/users\/120"}],"replies":[{"embeddable":true,"href":"https:\/\/explore.degreed.com\/experience\/fr\/wp-json\/wp\/v2\/comments?post=87422"}],"version-history":[{"count":0,"href":"https:\/\/explore.degreed.com\/experience\/fr\/wp-json\/wp\/v2\/posts\/87422\/revisions"}],"wp:featuredmedia":[{"embeddable":true,"href":"https:\/\/explore.degreed.com\/experience\/fr\/wp-json\/wp\/v2\/media\/87287"}],"wp:attachment":[{"href":"https:\/\/explore.degreed.com\/experience\/fr\/wp-json\/wp\/v2\/media?parent=87422"}],"wp:term":[{"taxonomy":"category","embeddable":true,"href":"https:\/\/explore.degreed.com\/experience\/fr\/wp-json\/wp\/v2\/categories?post=87422"},{"taxonomy":"post_tag","embeddable":true,"href":"https:\/\/explore.degreed.com\/experience\/fr\/wp-json\/wp\/v2\/tags?post=87422"},{"taxonomy":"post_folder","embeddable":true,"href":"https:\/\/explore.degreed.com\/experience\/fr\/wp-json\/wp\/v2\/post_folder?post=87422"}],"curies":[{"name":"wp","href":"https:\/\/api.w.org\/{rel}","templated":true}]}}