{"id":64250,"date":"2023-03-22T20:27:29","date_gmt":"2023-03-22T20:27:29","guid":{"rendered":"https:\/\/explore.local\/blog-archive\/de-olho-no-futuro-do-setor-de-aprendizagem-e-desenvolvimento-em-2023\/"},"modified":"2026-04-07T06:57:13","modified_gmt":"2026-04-07T06:57:13","slug":"de-olho-no-futuro-do-setor-de-aprendizagem-e-desenvolvimento-em-2023","status":"publish","type":"post","link":"https:\/\/degreed.com\/experience\/pt-br\/blog\/de-olho-no-futuro-do-setor-de-aprendizagem-e-desenvolvimento-em-2023\/","title":{"rendered":"De olho no futuro do setor de aprendizagem e desenvolvimento em 2023"},"content":{"rendered":"\n<p>Chegou aquela \u00e9poca do ano em que polimos a nossa bola de cristal para ver o que 2023 reserva para as equipes de aprendizagem e desenvolvimento. N\u00e3o precisamos nem dizer que os \u00faltimos meses foram de altos e baixos tanto para as empresas quanto para os profissionais. Muitas organiza\u00e7\u00f5es est\u00e3o se adaptando \u2014 mais uma vez \u2014 \u00e0s mudan\u00e7as no status quo. Vejamos neste artigo o que os especialistas em desenvolvimento de talentos da Degreed e da Learn In esperam ver em 2023.<\/p>\n\n\n\n<h2 class=\"wp-block-heading\"><strong>A \u00e1rea de aprendizagem e desenvolvimento ficar\u00e1 mais enxuta e mais focada.<\/strong><\/h2>\n\n\n\n<p>Com equipes assoladas pelo burnout e crit\u00e9rios cada vez mais r\u00edgidos na aloca\u00e7\u00e3o de or\u00e7amentos, muitas lideran\u00e7as de aprendizagem e desenvolvimento est\u00e3o sentindo a press\u00e3o. Essa situa\u00e7\u00e3o acaba gerando a oportunidade de tornar a aprendizagem mais eficiente e mais conectada aos neg\u00f3cios. \u00c9 comum que a inova\u00e7\u00e3o nas\u00e7a de\u00a0<a href=\"https:\/\/hbr.org\/2021\/04\/innovation-starts-with-defining-the-right-constraints\" target=\"_blank\" rel=\"noreferrer noopener\">limita\u00e7\u00f5es<\/a>, transformando a \u00e1rea de aprendizagem e desenvolvimento na parceira perfeita em um momento de crise econ\u00f4mica. Afinal, ela \u00e9 capaz de estimular a experimenta\u00e7\u00e3o e o pensamento inovador quando capacita os colaboradores com as habilidades certas. O clima atual tamb\u00e9m levar\u00e1 \u00e0 consolida\u00e7\u00e3o de um mercado de tecnologias de aprendizagem que est\u00e1 cada vez mais confuso.<\/p>\n\n\n\n<p>\u201cAs equipes de aprendizagem e desenvolvimento est\u00e3o sobrecarregadas. Todo mundo est\u00e1 em busca de maneiras de desenvolver os aprendizados e as habilidades que far\u00e3o mais diferen\u00e7a no curto prazo, mas sem desperdi\u00e7ar tempo e dinheiro\u201d, aponta&nbsp;<a href=\"https:\/\/www.linkedin.com\/in\/ttauber\/\" target=\"_blank\" rel=\"noreferrer noopener\">Todd Tauber, vice-presidente s\u00eanior de estrat\u00e9gia da Degreed<\/a>. \u201cCome\u00e7amos a ver cada vez mais clientes priorizando fortemente n\u00e3o s\u00f3 pessoas ou fun\u00e7\u00f5es espec\u00edficas, mas tamb\u00e9m habilidades e at\u00e9 os momentos de maior relev\u00e2ncia. Eles tamb\u00e9m querem desfrutar de um aproveitamento maior e buscam ampliar o impacto por meio de atividades de aprendizagem entre pares, mentorias, colabora\u00e7\u00f5es mais pr\u00f3ximas e contribui\u00e7\u00f5es coletivas entre suas equipes\u201d.<\/p>\n\n\n\n<p>Ao aplicar uma nova estrat\u00e9gia de aprendizagem, a\u00a0<a rel=\"noreferrer noopener\" href=\"https:\/\/degreed.com\/experience\/blog\/ericsson-takes-on-5g-future-with-degreed\/\" target=\"_blank\">Ericsson<\/a>, por exemplo, percebeu um aumento de 14% na quantidade de colaboradores que est\u00e3o aprendendo cinco habilidades identificadas como fundamentais para o sucesso da empresa (5G, intelig\u00eancia artificial + machine learning, colabora\u00e7\u00e3o, vendas e automa\u00e7\u00e3o). No momento, mais de 15.000 pessoas est\u00e3o aprimorando suas habilidades nessas \u00e1reas. Ao mesmo tempo, a Ericsson reduziu o custo da opera\u00e7\u00e3o de seu ecossistema de tecnologias de aprendizagem pela metade.<\/p>\n\n\n\n<figure class=\"wp-block-image size-large\"><img decoding=\"async\" src=\"https:\/\/explore.degreed.com\/wp-content\/uploads\/2025\/04\/Blog-CTA-6-2-1024x263.png\" alt=\"\" class=\"wp-image-39914\"\/><\/figure>\n\n\n\n<h2 class=\"wp-block-heading\"><strong>O trabalho que conhecemos\u2026 vai se aposentar.<\/strong><\/h2>\n\n\n\n<p>O trabalho tradicional deixou de ser fechado. Com diversas \u00e1reas sofrendo de escassez de habilidades, as empresas est\u00e3o tendo que usar a criatividade na hora de contratar os talentos de que precisam. A chamada gig economy (ou seja, uma forma de trabalho em que as pessoas exercem uma atividade freelancer e recebem separadamente por cada projeto ou servi\u00e7o) oferece novas oportunidades tanto para os profissionais quanto para as empresas e est\u00e1 mudando o jeito como as equipes s\u00e3o formadas. As lideran\u00e7as de pessoas est\u00e3o adotando uma postura mais orientada a habilidades, por exemplo, alocando profissionais a projetos conforme as habilidades e experi\u00eancias de cada um. Esse movimento cunhou, inclusive, um novo termo: organiza\u00e7\u00e3o baseada em habilidades.&nbsp;<\/p>\n\n\n\n<p><a href=\"https:\/\/www.deloitte.com\/global\/en\/issues\/work\/skills-based-organizations.html\" target=\"_blank\" rel=\"noreferrer noopener\">A Deloitte explica<\/a>: \u201cO mercado est\u00e1 rapidamente dando espa\u00e7o a formas mais fluidas de trabalho. Descobrimos que 63% do que \u00e9 feito hoje n\u00e3o corresponde \u00e0 descri\u00e7\u00e3o b\u00e1sica da vaga para as quais os profissionais foram contratados. Identificamos ainda que 81% dos participantes da pesquisa afirmam que o trabalho \u00e9 cada vez mais executado atravessando limites funcionais, e 36% afirmam que o trabalho \u00e9 cada vez mais executado por profissionais de fora da organiza\u00e7\u00e3o, por pessoas que n\u00e3o t\u00eam fun\u00e7\u00f5es definidas. Acreditamos que a resposta seja a organiza\u00e7\u00e3o baseada em habilidades, um novo modelo operacional para o trabalho\u201d.<\/p>\n\n\n\n<p>\u201cO que estamos vivenciando \u00e9 o \u00e1pice de muitos anos de insatisfa\u00e7\u00e3o com hierarquias r\u00edgidas de trabalho, que impediam que as empresas e os profissionais tivessem flexibilidade para adaptar o trabalho \u00e0s suas necessidades\u201d, analisa&nbsp;<a href=\"https:\/\/www.linkedin.com\/in\/yaelgilboakaufmann\/\" target=\"_blank\" rel=\"noreferrer noopener\">Yael Kaufmann, cofundador e COO da Learn In<\/a>. \u201cAo combinar isso com a vontade de ter mais agilidade, inclus\u00e3o e foco no colaborador, d\u00e1 para entender por que tantas grandes empresas, como a Unilever e a Ericsson, est\u00e3o adotando uma postura baseada em habilidades.\u201d<\/p>\n\n\n\n<h2 class=\"wp-block-heading\"><strong>Os crit\u00e9rios de contrata\u00e7\u00e3o ficar\u00e3o mais amplos.<\/strong><\/h2>\n\n\n\n<p>Junto com a evolu\u00e7\u00e3o do formato tradicional de trabalho, est\u00e1 a mudan\u00e7a das expectativas de quem tem a capacidade de cumprir uma tarefa ou desempenhar uma fun\u00e7\u00e3o. Mais empresas est\u00e3o abandonando as expectativas relacionadas \u00e0 educa\u00e7\u00e3o formal quando elas n\u00e3o s\u00e3o relevantes para um cargo \u2014 finalmente!&nbsp;<\/p>\n\n\n\n<p>\u201cEmpresas como Boeing, IBM, Google, Tata Communications e Cargill est\u00e3o mudando a forma como avaliam a capacidade dos candidatos \u00e0s suas vagas\u201d, destaca&nbsp;<a href=\"https:\/\/www.linkedin.com\/in\/davidblake\/\" target=\"_blank\" rel=\"noreferrer noopener\">David Blake, CEO da Degreed<\/a>. \u201cEm vez de se basear nas credenciais e nos hist\u00f3ricos profissionais para entender a capacidade de algu\u00e9m de desempenhar uma fun\u00e7\u00e3o&nbsp;\u2014&nbsp;e mais importante, de se adaptar diante de mudan\u00e7as no trabalho \u2014, as equipes de talentos dessas organiza\u00e7\u00f5es est\u00e3o adotando uma vis\u00e3o mais ampla das habilidades dos candidatos. Com isso, o recrutamento acontece em um pool de talentos maior. Quando baseadas em habilidades, as decis\u00f5es relacionadas \u00e0 for\u00e7a de trabalho ficam mais precisas, pois se baseiam no que a pessoa \u00e9 capaz de fazer hoje, e n\u00e3o do diploma que ela conquistou dez anos atr\u00e1s.<\/p>\n\n\n\n<p>\u201cOs diplomas deixaram de ser o \u00fanico caminho de progress\u00e3o profissional\u201d, revela Blake. \u201cAgora, a aprendizagem \u00e9 mais intencional. Qualquer pessoa pode aprender o que precisa em pouco tempo. E as organiza\u00e7\u00f5es agora t\u00eam a possibilidade de montar seus pr\u00f3prios programas com um custo\/benef\u00edcio mais interessante\u201d.<\/p>\n\n\n\n<p>A <a href=\"https:\/\/vimeo.com\/754483475\/50cba62ece?utm_campaign=FCSToronto-9_22&utm_medium=email&_hsmi=229409054&_hsenc=p2ANqtz-8satBueropofH1JaCgP701gMrlVFIeJmgevHO-0gkf5QvOH_ULCgQ8Iv3aErof2kajCjvN2SnhGIyZkc0io4wFLQi_Ww&utm_content=229409054&utm_source=hs_automation\" target=\"_blank\" rel=\"noreferrer noopener\">Bell Canada<\/a>, por exemplo, reconheceu uma necessidade de requalificar suas equipes nas \u00e1reas de intelig\u00eancia artificial, machine learning, intelig\u00eancia de neg\u00f3cios, ciberseguran\u00e7a, desenvolvimento de software e computa\u00e7\u00e3o em nuvem. Para isso, eles executaram uma estrat\u00e9gia de aprendizagem online que, at\u00e9 aqui, gerou a migra\u00e7\u00e3o de 241 colaboradores para novas fun\u00e7\u00f5es alinhadas com as futuras necessidades da empresa, sendo 30% mulheres (8% acima da disponibilidade do mercado).<\/p>\n\n\n\n<h2 class=\"wp-block-heading\"><strong>Ser\u00e1 fundamental ter agilidade de aprendizagem.<\/strong><\/h2>\n\n\n\n<p>Com a meia-vida das habilidades\u00a0<a rel=\"noreferrer noopener\" href=\"https:\/\/hrdailyadvisor.blr.com\/2020\/03\/25\/the-half-life-of-skills\/\" target=\"_blank\">na m\u00e9dia de cinco anos<\/a>\u00a0\u2014 e caindo a um ritmo acelerado \u2014, muitos l\u00edderes de aprendizagem e desenvolvimento est\u00e3o refor\u00e7ando a\u00a0<a href=\"https:\/\/degreed.com\/experience\/blog-archive\/como-criar-uma-cultura-de-aprendizagem-positiva-aplicando-a-agilidade-de-aprendizagem\/\" target=\"_blank\" rel=\"noreferrer noopener\">agilidade de aprendizagem<\/a>\u00a0como uma vantagem competitiva. Cultivar o h\u00e1bito de aprender rapidamente \u00e9 fundamental para se antecipar a transforma\u00e7\u00f5es internas e novas demandas do mercado.\u00a0<\/p>\n\n\n\n<p>\u201c\u00c9 poss\u00edvel aumentar a agilidade de aprendizagem da for\u00e7a de trabalho da sua empresa proporcionando um bom ambiente de aprendizagem e oportunidades acess\u00edveis\u201d, afirma\u00a0<a rel=\"noreferrer noopener\" href=\"http:\/\/www.futuresparity.com\/business\/what-does-2023-hold-for-your-workforce\/\" target=\"_blank\">Annee Bayeux, estrategista-chefe de aprendizagem da Degreed<\/a>. \u201cO ambiente de aprendizagem \u00e9 formado pela infraestrutura\u00a0\u2014\u00a0como proporcionar o tempo e as tecnologias para que a aprendizagem ocorra de forma eficaz \u2014 e pela cultura. Al\u00e9m disso, a exist\u00eancia de uma cultura robusta de aprendizagem influencia a competitividade e a receita da empresa. Afinal,\u00a0<a href=\"https:\/\/get.degreed.com\/pt-br\/how-the-workforce-learns-2021\" target=\"_blank\" rel=\"noreferrer noopener\">colaboradores\u00a0<\/a>em organiza\u00e7\u00f5es com culturas fortes t\u00eam 166% mais chances de afirmar que suas empresas conseguiram elevar a receita com mais rapidez do que a concorr\u00eancia\u201d.<\/p>\n\n\n\n<h2 class=\"wp-block-heading\"><strong>Experi\u00eancias de bem-estar no trabalho ser\u00e3o cada vez mais importantes.<\/strong><\/h2>\n\n\n\n<p>A pandemia de COVID-19 gerou uma mudan\u00e7a nas expectativas, pois as empresas passaram a ter um olhar mais hol\u00edstico para seus colaboradores, enxergando que eles t\u00eam objetivos e preocupa\u00e7\u00f5es que afetam a vida fora do trabalho. Vemos essa tend\u00eancia positiva cada vez mais forte para o benef\u00edcio de todos.<\/p>\n\n\n\n<p>\u201cA pandemia trouxe \u00e0 tona um novo relacionamento entre empresas e colaboradores, com mais empatia e cuidado m\u00fatuo\u201d, observa &nbsp;<a href=\"https:\/\/www.hcamag.com\/ca\/specialization\/employee-engagement\/happy-new-year-hr-concerns-for-canadian-employers-in-2023-part-2\/430640\" target=\"_blank\" rel=\"noreferrer noopener\">Janice Burns, diretora de pessoas da Degreed<\/a>. \u201cIsso \u00e9 algo que os colaboradores n\u00e3o querem que mude, e os empregadores que n\u00e3o est\u00e3o atendendo \u00e0s expectativas est\u00e3o sofrendo com movimentos como o quiet quitting e a Grande Ren\u00fancia\u201d.<\/p>\n\n\n\n<p>Insatisfeitos com modelos tradicionais de jornada, os profissionais est\u00e3o em busca de empresas que se importem com eles fora do trabalho. Segundo o&nbsp;<a href=\"https:\/\/www3.weforum.org\/docs\/WEF_The_Good_Work_Framework_2022.pdf\" target=\"_blank\" rel=\"noreferrer noopener\">relat\u00f3rio Good Work Framework do F\u00f3rum Econ\u00f4mico Mundial<\/a>, as empresas podem atender a essas expectativas se concentrando nas possibilidades de oferta de empregos e na cultura de aprendizagem. Empregadores que auxiliam os colaboradores em seus esfor\u00e7os de aprendizagem e desenvolvimento e alinham as metas pessoais deles \u00e0s necessidades da empresa com certeza est\u00e3o criando boas experi\u00eancias.&nbsp;<\/p>\n\n\n\n<h2 class=\"wp-block-heading\"><strong>Haver\u00e1 o dom\u00ednio das habilidades.<\/strong><\/h2>\n\n\n\n<p>Com a \u00eanfase sobre a aprendizagem r\u00e1pida, surge uma nova categoria de \u201cplataformas de aprendizagem baseadas em dom\u00ednio\u201d, como<a href=\"https:\/\/joshbersin.com\/2023\/01\/a-new-generation-of-mastery-based-learning-platforms-has-arrived\/\" target=\"_blank\" rel=\"noreferrer noopener\">&nbsp;Josh Bersin<\/a>&nbsp;as chama. Para ele, as academias de capacita\u00e7\u00e3o ser\u00e3o o&nbsp;<a href=\"https:\/\/joshbersin.com\/2023\/01\/hr-technology-for-2023-whats-hot-whats-not\/\" target=\"_blank\" rel=\"noreferrer noopener\">\u00e1pice&nbsp;<\/a>para as equipes de aprendizagem e desenvolvimento este ano, pois elas viabilizam formas de multiplicar o poder de especialistas em larga escala.&nbsp;<\/p>\n\n\n\n<p>\u201cAs academias de capacita\u00e7\u00e3o s\u00e3o a pr\u00f3xima tend\u00eancia no mundo da aprendizagem corporativa porque focam no desenvolvimento profundo de habilidades ao centralizarem tudo em um \u00fanico lugar\u201d, prev\u00ea&nbsp;<a href=\"https:\/\/www.linkedin.com\/in\/learningwithjen\/\" target=\"_blank\" rel=\"noreferrer noopener\">Jen Collins, diretora de capacita\u00e7\u00e3o acad\u00eamica da Learn In<\/a>.&nbsp; \u201cAs academias atendem \u00e0s necessidades e aos objetivos das empresas por oferecerem conte\u00fados educativos internos, programas externos, atribui\u00e7\u00f5es, aprendizagem em grupo, mentorias, acesso a especialistas, experi\u00eancias pr\u00e1ticas e muito mais \u2014&nbsp;al\u00e9m do potencial de gerar um enorme ROI que far\u00e1 a diferen\u00e7a nos resultados da empresa\u201d.&nbsp;<\/p>\n\n\n\n<h2 class=\"wp-block-heading\"><strong>A \u00e1rea de aprendizagem e desenvolvimento levar\u00e1 os dados ainda mais a s\u00e9rio.<\/strong><\/h2>\n\n\n\n<p>A mudan\u00e7a para os modelos de trabalho h\u00edbrido e remoto na pandemia elevou significativamente a quantidade de ferramentas digitais que os colaboradores est\u00e3o usando para trabalhar, como as plataformas virtuais de aprendizagem. Quanto mais plataformas, maior \u00e9 a disponibilidade de dados sobre aprendizagem e habilidades. Esse cen\u00e1rio, por sua vez, oferece aos l\u00edderes de aprendizagem e desenvolvimento uma oportunidade sem precedentes para orientarem suas estrat\u00e9gias por dados este ano.<\/p>\n\n\n\n<p>Ao coletar dados por sistemas de RH, recrutamento e aprendizagem, sua empresa passa a ter uma vis\u00e3o ampla, din\u00e2mica e em tempo real das habilidades que a for\u00e7a de trabalho j\u00e1 tem ou est\u00e1 desenvolvendo. Dessa forma, \u00e9 poss\u00edvel saber se voc\u00eas est\u00e3o no caminho certo para concretizar os objetivos corporativos e sanar proativamente eventuais gaps de habilidades. Com a onda do desenvolvimento de talentos baseado em habilidades, vimos uma prolifera\u00e7\u00e3o de taxonomias, ou \u201cuma l\u00edngua-franca para habilidades no ambiente de trabalho\u201d, como o&nbsp;<a href=\"https:\/\/www.weforum.org\/reports\/building-a-common-language-for-skills-at-work-a-global-taxonomy\/\" target=\"_blank\" rel=\"noreferrer noopener\">F\u00f3rum Econ\u00f4mico Mundial<\/a>&nbsp;as descreve.&nbsp;<\/p>\n\n\n\n<p>Diversos players, incluindo a Degreed, firmaram uma parceria com o F\u00f3rum Econ\u00f4mico Mundial para criar uma taxonomia de habilidades \u00fanica que permitir\u00e1 que as organiza\u00e7\u00f5es colaborem de forma mais efetiva e tenham uniformidade ao integrar diferentes fornecedores de tecnologias.&nbsp;<\/p>\n\n\n\n<p>\u201cA taxonomia de habilidades \u00e9 a base para todas as suas iniciativas de aprendizagem e desenvolvimento baseadas em habilidades e orientadas por dados \u2014&nbsp;e, indo mais al\u00e9m, para qualquer processo de pessoas na sua organiza\u00e7\u00e3o\u201d, define&nbsp;<a href=\"https:\/\/www.linkedin.com\/in\/kellypalmerclo\/\" target=\"_blank\" rel=\"noreferrer noopener\">Kelly Palmer, diretora de aprendizagem e talentos da Degreed<\/a>. \u201cAo ter um grande volume de dados na palma das m\u00e3os, essa uniformidade se torna fundamental para que os dados sobre habilidades possam embasar decis\u00f5es sobre recrutamento, experi\u00eancia do colaborador, upskilling, gest\u00e3o de desempenho, integra\u00e7\u00e3o e muito mais\u201d.<\/p>\n\n\n\n<h2 class=\"wp-block-heading\"><strong>Os colaboradores ser\u00e3o a for\u00e7a do sucesso da sua empresa em 2023.<\/strong><\/h2>\n\n\n\n<p>Claro, parte da gra\u00e7a da vida s\u00e3o suas inconst\u00e2ncias. Algo \u00e9 certo para este ano: os colaboradores s\u00e3o essenciais para que sua empresa encare o desconhecido. Portanto, apoie-os com as habilidades e oportunidades profissionais certas.<\/p>\n\n\n\n<p>Fomente uma cultura corporativa e experi\u00eancias que propiciem prosperidade no \u00e2mbito pessoal. O resultado disso ser\u00e1 o sucesso de toda a organiza\u00e7\u00e3o.&nbsp;<\/p>\n","protected":false},"excerpt":{"rendered":"<p>Chegou aquela \u00e9poca do ano em que polimos a nossa bola de cristal para ver o que 2023 reserva para as equipes de aprendizagem e desenvolvimento. N\u00e3o precisamos nem dizer que os \u00faltimos meses foram de altos e baixos tanto para as empresas quanto para os profissionais. Muitas organiza\u00e7\u00f5es est\u00e3o se adaptando \u2014 mais uma [&hellip;]<\/p>\n","protected":false},"author":56,"featured_media":61939,"comment_status":"open","ping_status":"open","sticky":false,"template":"","format":"standard","meta":{"_acf_changed":false,"inline_featured_image":false,"footnotes":""},"categories":[],"tags":[533],"post_folder":[],"class_list":["post-64250","post","type-post","status-publish","format-standard","has-post-thumbnail","hentry","tag-degreed-brasil"],"acf":[],"yoast_head":"<!-- This site is optimized with the Yoast SEO Premium plugin v27.4 (Yoast SEO v27.4) - https:\/\/yoast.com\/product\/yoast-seo-premium-wordpress\/ -->\n<title>De olho no futuro do setor de aprendizagem e desenvolvimento em 2023 - Degreed<\/title>\n<meta name=\"robots\" content=\"index, follow, max-snippet:-1, max-image-preview:large, max-video-preview:-1\" \/>\n<link rel=\"canonical\" href=\"https:\/\/degreed.com\/experience\/pt-br\/blog\/de-olho-no-futuro-do-setor-de-aprendizagem-e-desenvolvimento-em-2023\/\" \/>\n<meta property=\"og:locale\" content=\"pt_BR\" \/>\n<meta property=\"og:type\" content=\"article\" \/>\n<meta property=\"og:title\" content=\"De olho no futuro do setor de aprendizagem e desenvolvimento em 2023\" \/>\n<meta property=\"og:description\" content=\"Chegou aquela \u00e9poca do ano em que polimos a nossa bola de cristal para ver o que 2023 reserva para as equipes de aprendizagem e desenvolvimento. N\u00e3o precisamos nem dizer que os \u00faltimos meses foram de altos e baixos tanto para as empresas quanto para os profissionais. Muitas organiza\u00e7\u00f5es est\u00e3o se adaptando \u2014 mais uma [&hellip;]\" \/>\n<meta property=\"og:url\" content=\"https:\/\/degreed.com\/experience\/pt-br\/blog\/de-olho-no-futuro-do-setor-de-aprendizagem-e-desenvolvimento-em-2023\/\" \/>\n<meta property=\"og:site_name\" content=\"Degreed\" \/>\n<meta property=\"article:publisher\" content=\"https:\/\/www.facebook.com\/DegreedOfficial\" \/>\n<meta property=\"article:published_time\" content=\"2023-03-22T20:27:29+00:00\" \/>\n<meta property=\"article:modified_time\" content=\"2026-04-07T06:57:13+00:00\" \/>\n<meta property=\"og:image\" content=\"https:\/\/explore.degreed.com\/wp-content\/uploads\/2025\/04\/1_31_23_LD-Predictions-2023_Blog-Header-1200x1200-1.png\" \/>\n\t<meta property=\"og:image:width\" content=\"1200\" \/>\n\t<meta property=\"og:image:height\" content=\"1200\" \/>\n\t<meta property=\"og:image:type\" content=\"image\/png\" \/>\n<meta name=\"author\" content=\"Degreed\" \/>\n<meta name=\"twitter:card\" content=\"summary_large_image\" \/>\n<meta name=\"twitter:creator\" content=\"@degreed\" \/>\n<meta name=\"twitter:site\" content=\"@degreed\" \/>\n<meta name=\"twitter:label1\" content=\"Escrito por\" \/>\n\t<meta name=\"twitter:data1\" content=\"Degreed\" \/>\n\t<meta name=\"twitter:label2\" content=\"Est. tempo de leitura\" \/>\n\t<meta name=\"twitter:data2\" content=\"10 minutos\" \/>\n<script type=\"application\/ld+json\" class=\"yoast-schema-graph\">{\"@context\":\"https:\\\/\\\/schema.org\",\"@graph\":[{\"@type\":\"Article\",\"@id\":\"https:\\\/\\\/degreed.com\\\/experience\\\/pt-br\\\/blog\\\/de-olho-no-futuro-do-setor-de-aprendizagem-e-desenvolvimento-em-2023\\\/#article\",\"isPartOf\":{\"@id\":\"https:\\\/\\\/degreed.com\\\/experience\\\/pt-br\\\/blog\\\/de-olho-no-futuro-do-setor-de-aprendizagem-e-desenvolvimento-em-2023\\\/\"},\"author\":{\"name\":\"Degreed\",\"@id\":\"https:\\\/\\\/degreed.com\\\/experience\\\/pt-br\\\/#\\\/schema\\\/person\\\/46da863d759406cd094925b347efd072\"},\"headline\":\"De olho no futuro do setor de aprendizagem e desenvolvimento em 2023\",\"datePublished\":\"2023-03-22T20:27:29+00:00\",\"dateModified\":\"2026-04-07T06:57:13+00:00\",\"mainEntityOfPage\":{\"@id\":\"https:\\\/\\\/degreed.com\\\/experience\\\/pt-br\\\/blog\\\/de-olho-no-futuro-do-setor-de-aprendizagem-e-desenvolvimento-em-2023\\\/\"},\"wordCount\":2009,\"commentCount\":0,\"publisher\":{\"@id\":\"https:\\\/\\\/degreed.com\\\/experience\\\/pt-br\\\/#organization\"},\"image\":{\"@id\":\"https:\\\/\\\/degreed.com\\\/experience\\\/pt-br\\\/blog\\\/de-olho-no-futuro-do-setor-de-aprendizagem-e-desenvolvimento-em-2023\\\/#primaryimage\"},\"thumbnailUrl\":\"https:\\\/\\\/explore.degreed.com\\\/wp-content\\\/uploads\\\/2025\\\/04\\\/1_31_23_LD-Predictions-2023_Blog-Header-1200x1200-1.png\",\"keywords\":[\"Degreed Brasil\"],\"inLanguage\":\"pt-BR\",\"potentialAction\":[{\"@type\":\"CommentAction\",\"name\":\"Comment\",\"target\":[\"https:\\\/\\\/degreed.com\\\/experience\\\/pt-br\\\/blog\\\/de-olho-no-futuro-do-setor-de-aprendizagem-e-desenvolvimento-em-2023\\\/#respond\"]}]},{\"@type\":\"WebPage\",\"@id\":\"https:\\\/\\\/degreed.com\\\/experience\\\/pt-br\\\/blog\\\/de-olho-no-futuro-do-setor-de-aprendizagem-e-desenvolvimento-em-2023\\\/\",\"url\":\"https:\\\/\\\/degreed.com\\\/experience\\\/pt-br\\\/blog\\\/de-olho-no-futuro-do-setor-de-aprendizagem-e-desenvolvimento-em-2023\\\/\",\"name\":\"De olho no futuro do setor de aprendizagem e desenvolvimento em 2023 - Degreed\",\"isPartOf\":{\"@id\":\"https:\\\/\\\/degreed.com\\\/experience\\\/pt-br\\\/#website\"},\"primaryImageOfPage\":{\"@id\":\"https:\\\/\\\/degreed.com\\\/experience\\\/pt-br\\\/blog\\\/de-olho-no-futuro-do-setor-de-aprendizagem-e-desenvolvimento-em-2023\\\/#primaryimage\"},\"image\":{\"@id\":\"https:\\\/\\\/degreed.com\\\/experience\\\/pt-br\\\/blog\\\/de-olho-no-futuro-do-setor-de-aprendizagem-e-desenvolvimento-em-2023\\\/#primaryimage\"},\"thumbnailUrl\":\"https:\\\/\\\/explore.degreed.com\\\/wp-content\\\/uploads\\\/2025\\\/04\\\/1_31_23_LD-Predictions-2023_Blog-Header-1200x1200-1.png\",\"datePublished\":\"2023-03-22T20:27:29+00:00\",\"dateModified\":\"2026-04-07T06:57:13+00:00\",\"breadcrumb\":{\"@id\":\"https:\\\/\\\/degreed.com\\\/experience\\\/pt-br\\\/blog\\\/de-olho-no-futuro-do-setor-de-aprendizagem-e-desenvolvimento-em-2023\\\/#breadcrumb\"},\"inLanguage\":\"pt-BR\",\"potentialAction\":[{\"@type\":\"ReadAction\",\"target\":[\"https:\\\/\\\/degreed.com\\\/experience\\\/pt-br\\\/blog\\\/de-olho-no-futuro-do-setor-de-aprendizagem-e-desenvolvimento-em-2023\\\/\"]}]},{\"@type\":\"ImageObject\",\"inLanguage\":\"pt-BR\",\"@id\":\"https:\\\/\\\/degreed.com\\\/experience\\\/pt-br\\\/blog\\\/de-olho-no-futuro-do-setor-de-aprendizagem-e-desenvolvimento-em-2023\\\/#primaryimage\",\"url\":\"https:\\\/\\\/explore.degreed.com\\\/wp-content\\\/uploads\\\/2025\\\/04\\\/1_31_23_LD-Predictions-2023_Blog-Header-1200x1200-1.png\",\"contentUrl\":\"https:\\\/\\\/explore.degreed.com\\\/wp-content\\\/uploads\\\/2025\\\/04\\\/1_31_23_LD-Predictions-2023_Blog-Header-1200x1200-1.png\",\"width\":1200,\"height\":1200},{\"@type\":\"BreadcrumbList\",\"@id\":\"https:\\\/\\\/degreed.com\\\/experience\\\/pt-br\\\/blog\\\/de-olho-no-futuro-do-setor-de-aprendizagem-e-desenvolvimento-em-2023\\\/#breadcrumb\",\"itemListElement\":[{\"@type\":\"ListItem\",\"position\":1,\"name\":\"Home\",\"item\":\"https:\\\/\\\/degreed.com\\\/experience\\\/pt-br\\\/\"},{\"@type\":\"ListItem\",\"position\":2,\"name\":\"De olho no futuro do setor de aprendizagem e desenvolvimento em 2023\"}]},{\"@type\":\"WebSite\",\"@id\":\"https:\\\/\\\/degreed.com\\\/experience\\\/pt-br\\\/#website\",\"url\":\"https:\\\/\\\/degreed.com\\\/experience\\\/pt-br\\\/\",\"name\":\"Degreed\",\"description\":\"The Learning and Upskilling Platform\",\"publisher\":{\"@id\":\"https:\\\/\\\/degreed.com\\\/experience\\\/pt-br\\\/#organization\"},\"potentialAction\":[{\"@type\":\"SearchAction\",\"target\":{\"@type\":\"EntryPoint\",\"urlTemplate\":\"https:\\\/\\\/degreed.com\\\/experience\\\/pt-br\\\/?s={search_term_string}\"},\"query-input\":{\"@type\":\"PropertyValueSpecification\",\"valueRequired\":true,\"valueName\":\"search_term_string\"}}],\"inLanguage\":\"pt-BR\"},{\"@type\":\"Organization\",\"@id\":\"https:\\\/\\\/degreed.com\\\/experience\\\/pt-br\\\/#organization\",\"name\":\"Degreed\",\"url\":\"https:\\\/\\\/degreed.com\\\/experience\\\/pt-br\\\/\",\"logo\":{\"@type\":\"ImageObject\",\"inLanguage\":\"pt-BR\",\"@id\":\"https:\\\/\\\/degreed.com\\\/experience\\\/pt-br\\\/#\\\/schema\\\/logo\\\/image\\\/\",\"url\":\"https:\\\/\\\/explore.degreed.com\\\/wp-content\\\/uploads\\\/2023\\\/05\\\/logo.svg\",\"contentUrl\":\"https:\\\/\\\/explore.degreed.com\\\/wp-content\\\/uploads\\\/2023\\\/05\\\/logo.svg\",\"caption\":\"Degreed\"},\"image\":{\"@id\":\"https:\\\/\\\/degreed.com\\\/experience\\\/pt-br\\\/#\\\/schema\\\/logo\\\/image\\\/\"},\"sameAs\":[\"https:\\\/\\\/www.facebook.com\\\/DegreedOfficial\",\"https:\\\/\\\/x.com\\\/degreed\",\"https:\\\/\\\/www.linkedin.com\\\/company\\\/degreed\\\/\",\"https:\\\/\\\/www.youtube.com\\\/channel\\\/UCkH3pyPKVngvsZzZlmoH-Mw\",\"https:\\\/\\\/www.instagram.com\\\/degreed\\\/\"],\"numberOfEmployees\":{\"@type\":\"QuantitativeValue\",\"minValue\":\"201\",\"maxValue\":\"500\"}},{\"@type\":\"Person\",\"@id\":\"https:\\\/\\\/degreed.com\\\/experience\\\/pt-br\\\/#\\\/schema\\\/person\\\/46da863d759406cd094925b347efd072\",\"name\":\"Degreed\",\"image\":{\"@type\":\"ImageObject\",\"inLanguage\":\"pt-BR\",\"@id\":\"https:\\\/\\\/explore.degreed.com\\\/wp-content\\\/uploads\\\/2025\\\/04\\\/degreed-blog-1.png\",\"url\":\"https:\\\/\\\/explore.degreed.com\\\/wp-content\\\/uploads\\\/2025\\\/04\\\/degreed-blog-1.png\",\"contentUrl\":\"https:\\\/\\\/explore.degreed.com\\\/wp-content\\\/uploads\\\/2025\\\/04\\\/degreed-blog-1.png\",\"caption\":\"Degreed\"}}]}<\/script>\n<!-- \/ Yoast SEO Premium plugin. -->","yoast_head_json":{"title":"De olho no futuro do setor de aprendizagem e desenvolvimento em 2023 - Degreed","robots":{"index":"index","follow":"follow","max-snippet":"max-snippet:-1","max-image-preview":"max-image-preview:large","max-video-preview":"max-video-preview:-1"},"canonical":"https:\/\/degreed.com\/experience\/pt-br\/blog\/de-olho-no-futuro-do-setor-de-aprendizagem-e-desenvolvimento-em-2023\/","og_locale":"pt_BR","og_type":"article","og_title":"De olho no futuro do setor de aprendizagem e desenvolvimento em 2023","og_description":"Chegou aquela \u00e9poca do ano em que polimos a nossa bola de cristal para ver o que 2023 reserva para as equipes de aprendizagem e desenvolvimento. N\u00e3o precisamos nem dizer que os \u00faltimos meses foram de altos e baixos tanto para as empresas quanto para os profissionais. Muitas organiza\u00e7\u00f5es est\u00e3o se adaptando \u2014 mais uma [&hellip;]","og_url":"https:\/\/degreed.com\/experience\/pt-br\/blog\/de-olho-no-futuro-do-setor-de-aprendizagem-e-desenvolvimento-em-2023\/","og_site_name":"Degreed","article_publisher":"https:\/\/www.facebook.com\/DegreedOfficial","article_published_time":"2023-03-22T20:27:29+00:00","article_modified_time":"2026-04-07T06:57:13+00:00","og_image":[{"width":1200,"height":1200,"url":"https:\/\/explore.degreed.com\/wp-content\/uploads\/2025\/04\/1_31_23_LD-Predictions-2023_Blog-Header-1200x1200-1.png","type":"image\/png"}],"author":"Degreed","twitter_card":"summary_large_image","twitter_creator":"@degreed","twitter_site":"@degreed","twitter_misc":{"Escrito por":"Degreed","Est. tempo de leitura":"10 minutos"},"schema":{"@context":"https:\/\/schema.org","@graph":[{"@type":"Article","@id":"https:\/\/degreed.com\/experience\/pt-br\/blog\/de-olho-no-futuro-do-setor-de-aprendizagem-e-desenvolvimento-em-2023\/#article","isPartOf":{"@id":"https:\/\/degreed.com\/experience\/pt-br\/blog\/de-olho-no-futuro-do-setor-de-aprendizagem-e-desenvolvimento-em-2023\/"},"author":{"name":"Degreed","@id":"https:\/\/degreed.com\/experience\/pt-br\/#\/schema\/person\/46da863d759406cd094925b347efd072"},"headline":"De olho no futuro do setor de aprendizagem e desenvolvimento em 2023","datePublished":"2023-03-22T20:27:29+00:00","dateModified":"2026-04-07T06:57:13+00:00","mainEntityOfPage":{"@id":"https:\/\/degreed.com\/experience\/pt-br\/blog\/de-olho-no-futuro-do-setor-de-aprendizagem-e-desenvolvimento-em-2023\/"},"wordCount":2009,"commentCount":0,"publisher":{"@id":"https:\/\/degreed.com\/experience\/pt-br\/#organization"},"image":{"@id":"https:\/\/degreed.com\/experience\/pt-br\/blog\/de-olho-no-futuro-do-setor-de-aprendizagem-e-desenvolvimento-em-2023\/#primaryimage"},"thumbnailUrl":"https:\/\/explore.degreed.com\/wp-content\/uploads\/2025\/04\/1_31_23_LD-Predictions-2023_Blog-Header-1200x1200-1.png","keywords":["Degreed Brasil"],"inLanguage":"pt-BR","potentialAction":[{"@type":"CommentAction","name":"Comment","target":["https:\/\/degreed.com\/experience\/pt-br\/blog\/de-olho-no-futuro-do-setor-de-aprendizagem-e-desenvolvimento-em-2023\/#respond"]}]},{"@type":"WebPage","@id":"https:\/\/degreed.com\/experience\/pt-br\/blog\/de-olho-no-futuro-do-setor-de-aprendizagem-e-desenvolvimento-em-2023\/","url":"https:\/\/degreed.com\/experience\/pt-br\/blog\/de-olho-no-futuro-do-setor-de-aprendizagem-e-desenvolvimento-em-2023\/","name":"De olho no futuro do setor de aprendizagem e desenvolvimento em 2023 - Degreed","isPartOf":{"@id":"https:\/\/degreed.com\/experience\/pt-br\/#website"},"primaryImageOfPage":{"@id":"https:\/\/degreed.com\/experience\/pt-br\/blog\/de-olho-no-futuro-do-setor-de-aprendizagem-e-desenvolvimento-em-2023\/#primaryimage"},"image":{"@id":"https:\/\/degreed.com\/experience\/pt-br\/blog\/de-olho-no-futuro-do-setor-de-aprendizagem-e-desenvolvimento-em-2023\/#primaryimage"},"thumbnailUrl":"https:\/\/explore.degreed.com\/wp-content\/uploads\/2025\/04\/1_31_23_LD-Predictions-2023_Blog-Header-1200x1200-1.png","datePublished":"2023-03-22T20:27:29+00:00","dateModified":"2026-04-07T06:57:13+00:00","breadcrumb":{"@id":"https:\/\/degreed.com\/experience\/pt-br\/blog\/de-olho-no-futuro-do-setor-de-aprendizagem-e-desenvolvimento-em-2023\/#breadcrumb"},"inLanguage":"pt-BR","potentialAction":[{"@type":"ReadAction","target":["https:\/\/degreed.com\/experience\/pt-br\/blog\/de-olho-no-futuro-do-setor-de-aprendizagem-e-desenvolvimento-em-2023\/"]}]},{"@type":"ImageObject","inLanguage":"pt-BR","@id":"https:\/\/degreed.com\/experience\/pt-br\/blog\/de-olho-no-futuro-do-setor-de-aprendizagem-e-desenvolvimento-em-2023\/#primaryimage","url":"https:\/\/explore.degreed.com\/wp-content\/uploads\/2025\/04\/1_31_23_LD-Predictions-2023_Blog-Header-1200x1200-1.png","contentUrl":"https:\/\/explore.degreed.com\/wp-content\/uploads\/2025\/04\/1_31_23_LD-Predictions-2023_Blog-Header-1200x1200-1.png","width":1200,"height":1200},{"@type":"BreadcrumbList","@id":"https:\/\/degreed.com\/experience\/pt-br\/blog\/de-olho-no-futuro-do-setor-de-aprendizagem-e-desenvolvimento-em-2023\/#breadcrumb","itemListElement":[{"@type":"ListItem","position":1,"name":"Home","item":"https:\/\/degreed.com\/experience\/pt-br\/"},{"@type":"ListItem","position":2,"name":"De olho no futuro do setor de aprendizagem e desenvolvimento em 2023"}]},{"@type":"WebSite","@id":"https:\/\/degreed.com\/experience\/pt-br\/#website","url":"https:\/\/degreed.com\/experience\/pt-br\/","name":"Degreed","description":"The Learning and Upskilling Platform","publisher":{"@id":"https:\/\/degreed.com\/experience\/pt-br\/#organization"},"potentialAction":[{"@type":"SearchAction","target":{"@type":"EntryPoint","urlTemplate":"https:\/\/degreed.com\/experience\/pt-br\/?s={search_term_string}"},"query-input":{"@type":"PropertyValueSpecification","valueRequired":true,"valueName":"search_term_string"}}],"inLanguage":"pt-BR"},{"@type":"Organization","@id":"https:\/\/degreed.com\/experience\/pt-br\/#organization","name":"Degreed","url":"https:\/\/degreed.com\/experience\/pt-br\/","logo":{"@type":"ImageObject","inLanguage":"pt-BR","@id":"https:\/\/degreed.com\/experience\/pt-br\/#\/schema\/logo\/image\/","url":"https:\/\/explore.degreed.com\/wp-content\/uploads\/2023\/05\/logo.svg","contentUrl":"https:\/\/explore.degreed.com\/wp-content\/uploads\/2023\/05\/logo.svg","caption":"Degreed"},"image":{"@id":"https:\/\/degreed.com\/experience\/pt-br\/#\/schema\/logo\/image\/"},"sameAs":["https:\/\/www.facebook.com\/DegreedOfficial","https:\/\/x.com\/degreed","https:\/\/www.linkedin.com\/company\/degreed\/","https:\/\/www.youtube.com\/channel\/UCkH3pyPKVngvsZzZlmoH-Mw","https:\/\/www.instagram.com\/degreed\/"],"numberOfEmployees":{"@type":"QuantitativeValue","minValue":"201","maxValue":"500"}},{"@type":"Person","@id":"https:\/\/degreed.com\/experience\/pt-br\/#\/schema\/person\/46da863d759406cd094925b347efd072","name":"Degreed","image":{"@type":"ImageObject","inLanguage":"pt-BR","@id":"https:\/\/explore.degreed.com\/wp-content\/uploads\/2025\/04\/degreed-blog-1.png","url":"https:\/\/explore.degreed.com\/wp-content\/uploads\/2025\/04\/degreed-blog-1.png","contentUrl":"https:\/\/explore.degreed.com\/wp-content\/uploads\/2025\/04\/degreed-blog-1.png","caption":"Degreed"}}]}},"publishpress_future_workflow_manual_trigger":{"enabledWorkflows":[]},"_links":{"self":[{"href":"https:\/\/explore.degreed.com\/experience\/pt-br\/wp-json\/wp\/v2\/posts\/64250","targetHints":{"allow":["GET"]}}],"collection":[{"href":"https:\/\/explore.degreed.com\/experience\/pt-br\/wp-json\/wp\/v2\/posts"}],"about":[{"href":"https:\/\/explore.degreed.com\/experience\/pt-br\/wp-json\/wp\/v2\/types\/post"}],"author":[{"embeddable":true,"href":"https:\/\/explore.degreed.com\/experience\/pt-br\/wp-json\/wp\/v2\/users\/56"}],"replies":[{"embeddable":true,"href":"https:\/\/explore.degreed.com\/experience\/pt-br\/wp-json\/wp\/v2\/comments?post=64250"}],"version-history":[{"count":0,"href":"https:\/\/explore.degreed.com\/experience\/pt-br\/wp-json\/wp\/v2\/posts\/64250\/revisions"}],"wp:featuredmedia":[{"embeddable":true,"href":"https:\/\/explore.degreed.com\/experience\/pt-br\/wp-json\/wp\/v2\/media\/61939"}],"wp:attachment":[{"href":"https:\/\/explore.degreed.com\/experience\/pt-br\/wp-json\/wp\/v2\/media?parent=64250"}],"wp:term":[{"taxonomy":"category","embeddable":true,"href":"https:\/\/explore.degreed.com\/experience\/pt-br\/wp-json\/wp\/v2\/categories?post=64250"},{"taxonomy":"post_tag","embeddable":true,"href":"https:\/\/explore.degreed.com\/experience\/pt-br\/wp-json\/wp\/v2\/tags?post=64250"},{"taxonomy":"post_folder","embeddable":true,"href":"https:\/\/explore.degreed.com\/experience\/pt-br\/wp-json\/wp\/v2\/post_folder?post=64250"}],"curies":[{"name":"wp","href":"https:\/\/api.w.org\/{rel}","templated":true}]}}